{"id":532,"date":"2022-06-20T11:23:03","date_gmt":"2022-06-20T09:23:03","guid":{"rendered":"https:\/\/www.ofoutdoorkitchens.com\/?p=532"},"modified":"2023-08-31T14:36:22","modified_gmt":"2023-08-31T12:36:22","slug":"dopo-il-salone-del-mobile-di-milano-of-si-concentra-sui-prossimi-obiettivi","status":"publish","type":"post","link":"https:\/\/www.ofoutdoorkitchens.com\/it\/blog\/dopo-il-salone-del-mobile-di-milano-of-si-concentra-sui-prossimi-obiettivi\/","title":{"rendered":"Dopo il Salone del Mobile di Milano OF si concentra sui prossimi obiettivi"},"content":{"rendered":"<p>Siamo tornati dalla sessantesima edizione del Salone del Mobile di Milano pieni di soddisfazioni ed arricchiti di esperienze, dopo una settimana entusiasmante, fatta di stimoli di riflessione su una nuova concezione dell\u2019abitare. Come brand OF outdoorkitchens siamo stati\u00a0<strong>presenti anche alla manifestazione biennale EuroCucina,<\/strong>\u00a0giunta al 23esimo appuntamento, anche grazie al contributo di FTK -Technology For the Kitchen, la proposta collaterale dedicata agli elettrodomestici da incasso e alla loro evoluzione.<\/p>\n<h2>Concetti chiave per la cucina outdoor del futuro: sostenibilit\u00e0 ed efficienza<\/h2>\n<p>Insieme alle altre 82 aziende espositrici di EuroCucina (su ben 16 mila metri quadrati di spazio espositivo!) ci siamo concentrati sui concetti chiave di sostenibilit\u00e0 ed efficienza. La cucina, infatti (e ancor pi\u00f9 quella all&#8217;aperto) non \u00e8 pi\u00f9 solo un\u2019area funzionale in cui si cuociono i cibi, si preparano i pasti e basta, ma\u00a0<strong>si afferma come area centrale dell&#8217;accoglienza per eccellenza<\/strong>, luogo di relazioni e socializzazione cos\u00ec come accade per l&#8217;equivalente ambiente interno. Un nuovo focolare domestico esterno, perci\u00f2, rivisitato con nuovi materiali sempre pi\u00f9 funzionali, per farlo divenire spazio interconnesso, super efficiente, professionale ma senza dimenticare il suo lato emozionale.<\/p>\n<h2>Design contemporaneo e facilit\u00e0 d&#8217;uso i nostri punti di partenza<\/h2>\n<p>Tutto ci\u00f2 \u00e8 stato apprezzato da chi ha visitato l&#8217;area espositiva e il nostro stand. In particolare si \u00e8 mostrato entusiasmo per il design contemporaneo legato all&#8217;innovazione tecnologica, oltre alle performance di ultima generazione. Senza dimenticare l&#8217;efficienza energetica e la facilit\u00e0 d\u2019uso che da sempre possono essere annoverate come caratteristiche delle proposte di OF outdoorkitchens, esposte anche in EuroCucina. Nuove forme, colori e materiali contribuiscono a definire questo\u00a0<strong>spazio quale luogo di convivialit\u00e0 e di interazione con il mondo esterno<\/strong>, oltre al particolare, non di poco conto, che le cucine di OF outdoorkitchens sono realizzate in materiale assolutamente riciclabile, in un vero e proprio concept di architettura sostenibile, a basso o nullo impatto per l&#8217;ambiente.<\/p>\n<h2>Le sfide per il futuro: unire sempre di pi\u00f9 il concetto di bello alla funzionalit\u00e0<\/h2>\n<p>Ora ci concentreremo sui nostri prossimi obiettivi, tenendo sempre presente quella che \u00e8 la base di ogni nostra scelta produttiva: la sostenibilit\u00e0 e il benessere della persona, finalmente di nuovo al centro della creativit\u00e0 progettuale. Del resto, proprio tenendo sempre a mente questi valori, il nostro brand \u00e8 diventato negli anni un punto di riferimento di settore nella produzione di cucine da esterno in acciaio modulari. Con le nostre idee che possiamo senza remore definire \u201crivoluzionarie\u201d\u00a0<b>siamo riusciti piano piano a sradicare il vecchio concetto di fruizione,\u00a0<\/b>unendolo a quello della godibilit\u00e0 degli spazi all&#8217;aperto. Tutto quello che viene considerato &#8220;bello&#8221; nelle forme, nelle linee e nel design, lo abbiamo unito al materiale eterno per antonomasia: l&#8217;acciaio. Risultato? Un design d&#8217;avanguardia con soluzioni estetiche di gran pregio utilizzate per ampliare i confini degli spazi outdoor. La vita \u00e8 all&#8217;aperto, ecco perch\u00e9 non si deve rinunciare alle comodit\u00e0 di poter cucinare in giardino o in terrazza, con un barbecue professionale e tutti gli attrezzi necessari per consolidare il rapporto tra convivialit\u00e0 e personalit\u00e0. Questo non lo dimentichiamo mai, pronti come siamo a farci conoscere sempre di pi\u00f9 all&#8217;estero e su altri mercati internazionali.<\/p>\n","protected":false},"excerpt":{"rendered":"<p>Quando si decide di creare una cucina all&#8217;aperto nel proprio spazio in esterno a disposizione, una delle domande fondamentali da porsi \u00e8: \u201cDove metterla?\u201d<\/p>\n","protected":false},"author":1,"featured_media":533,"comment_status":"closed","ping_status":"closed","sticky":false,"template":"","format":"standard","meta":{"om_disable_all_campaigns":false,"_uf_show_specific_survey":0,"_uf_disable_surveys":false,"footnotes":""},"categories":[1],"tags":[],"class_list":["post-532","post","type-post","status-publish","format-standard","has-post-thumbnail","hentry","category-blog"],"yoast_head":"<!-- This site is optimized with the Yoast SEO plugin v23.4 - https:\/\/yoast.com\/wordpress\/plugins\/seo\/ -->\n<title>Dopo il Salone del Mobile di Milano OF si concentra sui prossimi obiettivi - OF Outdoorkitchens<\/title>\n<meta name=\"robots\" content=\"index, follow, max-snippet:-1, max-image-preview:large, max-video-preview:-1\" \/>\n<link rel=\"canonical\" href=\"https:\/\/www.ofoutdoorkitchens.com\/it\/blog\/dopo-il-salone-del-mobile-di-milano-of-si-concentra-sui-prossimi-obiettivi\/\" \/>\n<meta property=\"og:locale\" content=\"it_IT\" \/>\n<meta property=\"og:type\" content=\"article\" \/>\n<meta property=\"og:title\" content=\"Dopo il Salone del Mobile di Milano OF si concentra sui prossimi obiettivi - OF Outdoorkitchens\" \/>\n<meta property=\"og:description\" content=\"Quando si decide di creare una cucina all&#039;aperto nel proprio spazio in esterno a disposizione, una delle domande fondamentali da porsi \u00e8: \u201cDove metterla?\u201d\" \/>\n<meta property=\"og:url\" content=\"https:\/\/www.ofoutdoorkitchens.com\/it\/blog\/dopo-il-salone-del-mobile-di-milano-of-si-concentra-sui-prossimi-obiettivi\/\" \/>\n<meta property=\"og:site_name\" content=\"OF Outdoorkitchens\" \/>\n<meta property=\"article:publisher\" content=\"https:\/\/www.facebook.com\/ofoutdoorkitchens\" \/>\n<meta property=\"article:published_time\" content=\"2022-06-20T09:23:03+00:00\" \/>\n<meta property=\"article:modified_time\" content=\"2023-08-31T12:36:22+00:00\" \/>\n<meta property=\"og:image\" content=\"https:\/\/www.ofoutdoorkitchens.com\/wp-content\/uploads\/2023\/03\/dopo-il-salone-del-mobile-di-milano-of-si-concentra-sui-prossimi-obiettivi-62-scaled.jpg\" \/>\n\t<meta property=\"og:image:width\" content=\"1280\" \/>\n\t<meta property=\"og:image:height\" content=\"853\" \/>\n\t<meta property=\"og:image:type\" content=\"image\/jpeg\" \/>\n<meta name=\"author\" content=\"ofoutdoorkitchens\" \/>\n<meta name=\"twitter:card\" content=\"summary_large_image\" \/>\n<meta name=\"twitter:label1\" content=\"Scritto da\" \/>\n\t<meta name=\"twitter:data1\" content=\"ofoutdoorkitchens\" \/>\n\t<meta name=\"twitter:label2\" content=\"Tempo di lettura stimato\" \/>\n\t<meta name=\"twitter:data2\" content=\"3 minuti\" \/>\n<!-- \/ Yoast SEO plugin. -->","yoast_head_json":{"title":"Dopo il Salone del Mobile di Milano OF si concentra sui prossimi obiettivi - OF Outdoorkitchens","robots":{"index":"index","follow":"follow","max-snippet":"max-snippet:-1","max-image-preview":"max-image-preview:large","max-video-preview":"max-video-preview:-1"},"canonical":"https:\/\/www.ofoutdoorkitchens.com\/it\/blog\/dopo-il-salone-del-mobile-di-milano-of-si-concentra-sui-prossimi-obiettivi\/","og_locale":"it_IT","og_type":"article","og_title":"Dopo il Salone del Mobile di Milano OF si concentra sui prossimi obiettivi - OF Outdoorkitchens","og_description":"Quando si decide di creare una cucina all'aperto nel proprio spazio in esterno a disposizione, una delle domande fondamentali da porsi \u00e8: \u201cDove metterla?\u201d","og_url":"https:\/\/www.ofoutdoorkitchens.com\/it\/blog\/dopo-il-salone-del-mobile-di-milano-of-si-concentra-sui-prossimi-obiettivi\/","og_site_name":"OF Outdoorkitchens","article_publisher":"https:\/\/www.facebook.com\/ofoutdoorkitchens","article_published_time":"2022-06-20T09:23:03+00:00","article_modified_time":"2023-08-31T12:36:22+00:00","og_image":[{"width":1280,"height":853,"url":"https:\/\/www.ofoutdoorkitchens.com\/wp-content\/uploads\/2023\/03\/dopo-il-salone-del-mobile-di-milano-of-si-concentra-sui-prossimi-obiettivi-62-scaled.jpg","type":"image\/jpeg"}],"author":"ofoutdoorkitchens","twitter_card":"summary_large_image","twitter_misc":{"Scritto da":"ofoutdoorkitchens","Tempo di lettura stimato":"3 minuti"},"schema":{"@context":"https:\/\/schema.org","@graph":[{"@type":"Article","@id":"https:\/\/www.ofoutdoorkitchens.com\/it\/blog\/dopo-il-salone-del-mobile-di-milano-of-si-concentra-sui-prossimi-obiettivi\/#article","isPartOf":{"@id":"https:\/\/www.ofoutdoorkitchens.com\/it\/blog\/dopo-il-salone-del-mobile-di-milano-of-si-concentra-sui-prossimi-obiettivi\/"},"author":{"name":"ofoutdoorkitchens","@id":"https:\/\/www.ofoutdoorkitchens.com\/it\/#\/schema\/person\/4649b133ad6cdd6d1b3a48f69d71db65"},"headline":"Dopo il Salone del Mobile di Milano OF si concentra sui prossimi obiettivi","datePublished":"2022-06-20T09:23:03+00:00","dateModified":"2023-08-31T12:36:22+00:00","mainEntityOfPage":{"@id":"https:\/\/www.ofoutdoorkitchens.com\/it\/blog\/dopo-il-salone-del-mobile-di-milano-of-si-concentra-sui-prossimi-obiettivi\/"},"wordCount":523,"publisher":{"@id":"https:\/\/www.ofoutdoorkitchens.com\/it\/#organization"},"image":{"@id":"https:\/\/www.ofoutdoorkitchens.com\/it\/blog\/dopo-il-salone-del-mobile-di-milano-of-si-concentra-sui-prossimi-obiettivi\/#primaryimage"},"thumbnailUrl":"https:\/\/www.ofoutdoorkitchens.com\/wp-content\/uploads\/2023\/03\/dopo-il-salone-del-mobile-di-milano-of-si-concentra-sui-prossimi-obiettivi-62-scaled.jpg","articleSection":["blog"],"inLanguage":"it-IT"},{"@type":"WebPage","@id":"https:\/\/www.ofoutdoorkitchens.com\/it\/blog\/dopo-il-salone-del-mobile-di-milano-of-si-concentra-sui-prossimi-obiettivi\/","url":"https:\/\/www.ofoutdoorkitchens.com\/it\/blog\/dopo-il-salone-del-mobile-di-milano-of-si-concentra-sui-prossimi-obiettivi\/","name":"Dopo il Salone del Mobile di Milano OF si concentra sui prossimi obiettivi - OF Outdoorkitchens","isPartOf":{"@id":"https:\/\/www.ofoutdoorkitchens.com\/it\/#website"},"primaryImageOfPage":{"@id":"https:\/\/www.ofoutdoorkitchens.com\/it\/blog\/dopo-il-salone-del-mobile-di-milano-of-si-concentra-sui-prossimi-obiettivi\/#primaryimage"},"image":{"@id":"https:\/\/www.ofoutdoorkitchens.com\/it\/blog\/dopo-il-salone-del-mobile-di-milano-of-si-concentra-sui-prossimi-obiettivi\/#primaryimage"},"thumbnailUrl":"https:\/\/www.ofoutdoorkitchens.com\/wp-content\/uploads\/2023\/03\/dopo-il-salone-del-mobile-di-milano-of-si-concentra-sui-prossimi-obiettivi-62-scaled.jpg","datePublished":"2022-06-20T09:23:03+00:00","dateModified":"2023-08-31T12:36:22+00:00","breadcrumb":{"@id":"https:\/\/www.ofoutdoorkitchens.com\/it\/blog\/dopo-il-salone-del-mobile-di-milano-of-si-concentra-sui-prossimi-obiettivi\/#breadcrumb"},"inLanguage":"it-IT","potentialAction":[{"@type":"ReadAction","target":["https:\/\/www.ofoutdoorkitchens.com\/it\/blog\/dopo-il-salone-del-mobile-di-milano-of-si-concentra-sui-prossimi-obiettivi\/"]}]},{"@type":"ImageObject","inLanguage":"it-IT","@id":"https:\/\/www.ofoutdoorkitchens.com\/it\/blog\/dopo-il-salone-del-mobile-di-milano-of-si-concentra-sui-prossimi-obiettivi\/#primaryimage","url":"https:\/\/www.ofoutdoorkitchens.com\/wp-content\/uploads\/2023\/03\/dopo-il-salone-del-mobile-di-milano-of-si-concentra-sui-prossimi-obiettivi-62-scaled.jpg","contentUrl":"https:\/\/www.ofoutdoorkitchens.com\/wp-content\/uploads\/2023\/03\/dopo-il-salone-del-mobile-di-milano-of-si-concentra-sui-prossimi-obiettivi-62-scaled.jpg","width":1280,"height":853},{"@type":"BreadcrumbList","@id":"https:\/\/www.ofoutdoorkitchens.com\/it\/blog\/dopo-il-salone-del-mobile-di-milano-of-si-concentra-sui-prossimi-obiettivi\/#breadcrumb","itemListElement":[{"@type":"ListItem","position":1,"name":"Home","item":"https:\/\/www.ofoutdoorkitchens.com\/it\/"},{"@type":"ListItem","position":2,"name":"Dopo il Salone del Mobile di Milano OF si concentra sui prossimi obiettivi"}]},{"@type":"WebSite","@id":"https:\/\/www.ofoutdoorkitchens.com\/it\/#website","url":"https:\/\/www.ofoutdoorkitchens.com\/it\/","name":"OF Outdoorkitchens","description":"","publisher":{"@id":"https:\/\/www.ofoutdoorkitchens.com\/it\/#organization"},"potentialAction":[{"@type":"SearchAction","target":{"@type":"EntryPoint","urlTemplate":"https:\/\/www.ofoutdoorkitchens.com\/it\/?s={search_term_string}"},"query-input":{"@type":"PropertyValueSpecification","valueRequired":true,"valueName":"search_term_string"}}],"inLanguage":"it-IT"},{"@type":"Organization","@id":"https:\/\/www.ofoutdoorkitchens.com\/it\/#organization","name":"OF Outdoorkitchens","url":"https:\/\/www.ofoutdoorkitchens.com\/it\/","logo":{"@type":"ImageObject","inLanguage":"it-IT","@id":"https:\/\/www.ofoutdoorkitchens.com\/it\/#\/schema\/logo\/image\/","url":"https:\/\/www.ofoutdoorkitchens.com\/wp-content\/uploads\/2023\/03\/logo-OF-2023-def150.png","contentUrl":"https:\/\/www.ofoutdoorkitchens.com\/wp-content\/uploads\/2023\/03\/logo-OF-2023-def150.png","width":150,"height":150,"caption":"OF Outdoorkitchens"},"image":{"@id":"https:\/\/www.ofoutdoorkitchens.com\/it\/#\/schema\/logo\/image\/"},"sameAs":["https:\/\/www.facebook.com\/ofoutdoorkitchens","https:\/\/www.instagram.com\/of.outdoorkitchens\/","https:\/\/www.linkedin.com\/company\/of-out-door-kitchens\/"]},{"@type":"Person","@id":"https:\/\/www.ofoutdoorkitchens.com\/it\/#\/schema\/person\/4649b133ad6cdd6d1b3a48f69d71db65","name":"ofoutdoorkitchens","image":{"@type":"ImageObject","inLanguage":"it-IT","@id":"https:\/\/www.ofoutdoorkitchens.com\/it\/#\/schema\/person\/image\/","url":"https:\/\/secure.gravatar.com\/avatar\/311968ef8a3bdce04631314e788508e52cc1ee637a6ba77c75c4c41ebb11386f?s=96&d=mm&r=g","contentUrl":"https:\/\/secure.gravatar.com\/avatar\/311968ef8a3bdce04631314e788508e52cc1ee637a6ba77c75c4c41ebb11386f?s=96&d=mm&r=g","caption":"ofoutdoorkitchens"},"sameAs":["https:\/\/www.ofoutdoorkitchens.com"],"url":"https:\/\/www.ofoutdoorkitchens.com\/it\/author\/ofoutdoorkitchens\/"}]}},"_links":{"self":[{"href":"https:\/\/www.ofoutdoorkitchens.com\/it\/wp-json\/wp\/v2\/posts\/532","targetHints":{"allow":["GET"]}}],"collection":[{"href":"https:\/\/www.ofoutdoorkitchens.com\/it\/wp-json\/wp\/v2\/posts"}],"about":[{"href":"https:\/\/www.ofoutdoorkitchens.com\/it\/wp-json\/wp\/v2\/types\/post"}],"author":[{"embeddable":true,"href":"https:\/\/www.ofoutdoorkitchens.com\/it\/wp-json\/wp\/v2\/users\/1"}],"replies":[{"embeddable":true,"href":"https:\/\/www.ofoutdoorkitchens.com\/it\/wp-json\/wp\/v2\/comments?post=532"}],"version-history":[{"count":10,"href":"https:\/\/www.ofoutdoorkitchens.com\/it\/wp-json\/wp\/v2\/posts\/532\/revisions"}],"predecessor-version":[{"id":4473,"href":"https:\/\/www.ofoutdoorkitchens.com\/it\/wp-json\/wp\/v2\/posts\/532\/revisions\/4473"}],"wp:featuredmedia":[{"embeddable":true,"href":"https:\/\/www.ofoutdoorkitchens.com\/it\/wp-json\/wp\/v2\/media\/533"}],"wp:attachment":[{"href":"https:\/\/www.ofoutdoorkitchens.com\/it\/wp-json\/wp\/v2\/media?parent=532"}],"wp:term":[{"taxonomy":"category","embeddable":true,"href":"https:\/\/www.ofoutdoorkitchens.com\/it\/wp-json\/wp\/v2\/categories?post=532"},{"taxonomy":"post_tag","embeddable":true,"href":"https:\/\/www.ofoutdoorkitchens.com\/it\/wp-json\/wp\/v2\/tags?post=532"}],"curies":[{"name":"wp","href":"https:\/\/api.w.org\/{rel}","templated":true}]}}