{"id":435,"date":"2021-10-02T11:01:19","date_gmt":"2021-10-02T09:01:19","guid":{"rendered":"https:\/\/www.ofoutdoorkitchens.com\/?p=435"},"modified":"2023-03-16T09:34:01","modified_gmt":"2023-03-16T08:34:01","slug":"cucine-outdoor-e-design-cosa-ci-aspettera-per-limminente-autunno-e-il-prossimo-anno","status":"publish","type":"post","link":"https:\/\/www.ofoutdoorkitchens.com\/it\/blog\/cucine-outdoor-e-design-cosa-ci-aspettera-per-limminente-autunno-e-il-prossimo-anno\/","title":{"rendered":"Cucine outdoor e design: cosa ci aspetter\u00e0 per l&#8217;imminente autunno e il prossimo anno"},"content":{"rendered":"<p>Il Salone del Mobile, kermesse sull&#8217;arredo e il design che da pi\u00f9 di cinquant&#8217;anni si tiene a Milano dettando i nuovi trend per la casa e gli ambienti interni ed esterni, si \u00e8 chiuso da poco. <strong>Gli spunti visti sulle cucine, anche quelle da esterno, sono stati notevoli ed istruttivi <\/strong>su quale direzione prenderanno il decor e l&#8217;outdoor design per questi spazi. Noi di OF ci teniamo ad essere sempre aggiornati sulle nuove tendenze, anche per quanto riguarda l&#8217;estetica, oltre che la funzionalit\u00e0 delle nostre cucine all&#8217;aperto. Ecco allora gli input che arrivano in tal senso a livello internazionale.<\/p>\n<h2><strong>Mix and match dei materiali<\/strong><\/h2>\n<p>Resiste il solido acciaio inossidabile, e questo \u00e8 un fatto. La novit\u00e0 sta per\u00f2 nell&#8217;abbinare l&#8217;acciaio ad altri materiali per le cucine da esterno. <strong>Il mix di materiali diversi su elettrodomestici, lavelli, rubinetti,<\/strong> apparecchi di illuminazione e hardware per armadietti crea un design pi\u00f9 profondo e dinamico, che pu\u00f2 rendere la cucina outdoor uno spazio ancora pi\u00f9 accogliente e interessante in cui stare.<\/p>\n<h2><strong>Elettrodomestici che sanno il fatto loro<\/strong><\/h2>\n<p>Una delle tendenze delle cucine\u00a0pi\u00f9 popolari che abbiamo visto nel corso di questo 2021 alle battute finali consiste negli elettrodomestici intelligenti. <strong>Tra questi ci sono i rubinetti touchless,<\/strong> cio\u00e8 quelli che non si devono neppure toccare per essere azionati, ma che agiscono con degli speciali sensori. Il Covid-19, tra l&#8217;altro, ha alimentato il desiderio di tecnologia touchless: non a caso la maggior parte dei professionisti del design afferma che c&#8217;\u00e8 un maggiore interesse per le superfici facili da pulire. Oltre all&#8217;acciaio crescono dunque in popolarit\u00e0 il rame e l&#8217;ottone, perch\u00e9 sono antimicrobici e super igienici. Altre due tendenze principali riguardano i frigoriferi e i forni intelligenti. La tecnologia ha spinto insomma il desiderio di un maggior controllo di ci\u00f2 che facciamo e delle abitudini igieniche, soprattutto in cucina.<\/p>\n<h2><strong>Piastrelle e decor con tappeti e piante<\/strong><\/h2>\n<p>Un altro paio di cose di tendenza nel design della cucina (indoor ed outdoor), non solo nell&#8217;immediato, ma secondo le previsioni per i prossimi 5- 10 anni, includono:<\/p>\n<ul>\n<li><strong>Piastrelle backsplash<\/strong> (lo schienale ad immediato ridosso del lavello, per intenderci) di qualsiasi genere, che rendano facile la pulizia;<\/li>\n<li><strong>Mobili colorati e misti<\/strong>, ma con finiture opache;<\/li>\n<li><strong>Accenti di rame, tappeti, molte piante<\/strong> a corredo di cucine da esterno super attrezzate.<\/li>\n<\/ul>\n<h2><strong>Colori pi\u00f9 caldi rispetto agli anni precedenti <\/strong><\/h2>\n<p>E arriviamo a parlare dei colori per la cucina da esterno. In realt\u00e0 molto dipende dal luogo in cui la cucina si trova (giardino, terrazza e patio non sono la stessa cosa). Ad ogni modo, i colori nelle cucine da esterno si stanno scaldando. Le tavolozze imprevedibili stanno guadagnando popolarit\u00e0, grazie in parte anche alle \u201ccucine spigolose\u201d. <strong>Il verde sta spopolando letteralmente nelle scelte di arredo<\/strong>, come colore preferito per i mobili da cucina, che si tratti di smeraldo, militare, oliva, salvia o menta. Le cucine outdoor poi incorporano alcuni arredi degli spazi interni, come credenze vintage, portapiatti e opere d&#8217;arte che potrebbero essere state appese solo in un soggiorno o in una sala da pranzo e invece, magicamente, compaiono in giardino o nel patio o su un muro in terrazza. Spazio anche al relax, grazie a comode sedie, un caminetto, un posto dove i bambini o gli ospiti possono stare, magari guardando la tv, mentre si prepara da mangiare. Insomma, si ritorna all&#8217;intimit\u00e0 e allo spazio condiviso, con una sola protagonista (e quella non cambia mai): la cucina da esterno modulare.<\/p>\n","protected":false},"excerpt":{"rendered":"<p>Quando si decide di creare una cucina all&#8217;aperto nel proprio spazio in esterno a disposizione, una delle domande fondamentali da porsi \u00e8: \u201cDove metterla?\u201d<\/p>\n","protected":false},"author":1,"featured_media":436,"comment_status":"closed","ping_status":"closed","sticky":false,"template":"","format":"standard","meta":{"om_disable_all_campaigns":false,"_uf_show_specific_survey":0,"_uf_disable_surveys":false,"footnotes":""},"categories":[1],"tags":[],"class_list":["post-435","post","type-post","status-publish","format-standard","has-post-thumbnail","hentry","category-blog"],"yoast_head":"<!-- This site is optimized with the Yoast SEO plugin v23.4 - https:\/\/yoast.com\/wordpress\/plugins\/seo\/ -->\n<title>Cucine outdoor e design: cosa ci aspetter\u00e0 per l&#039;imminente autunno e il prossimo anno - OF Outdoorkitchens<\/title>\n<meta name=\"robots\" content=\"index, follow, max-snippet:-1, max-image-preview:large, max-video-preview:-1\" \/>\n<link rel=\"canonical\" href=\"https:\/\/www.ofoutdoorkitchens.com\/it\/blog\/cucine-outdoor-e-design-cosa-ci-aspettera-per-limminente-autunno-e-il-prossimo-anno\/\" \/>\n<meta property=\"og:locale\" content=\"it_IT\" \/>\n<meta property=\"og:type\" content=\"article\" \/>\n<meta property=\"og:title\" content=\"Cucine outdoor e design: cosa ci aspetter\u00e0 per l&#039;imminente autunno e il prossimo anno - OF Outdoorkitchens\" \/>\n<meta property=\"og:description\" content=\"Quando si decide di creare una cucina all&#039;aperto nel proprio spazio in esterno a disposizione, una delle domande fondamentali da porsi \u00e8: \u201cDove metterla?\u201d\" \/>\n<meta property=\"og:url\" content=\"https:\/\/www.ofoutdoorkitchens.com\/it\/blog\/cucine-outdoor-e-design-cosa-ci-aspettera-per-limminente-autunno-e-il-prossimo-anno\/\" \/>\n<meta property=\"og:site_name\" content=\"OF Outdoorkitchens\" \/>\n<meta property=\"article:publisher\" content=\"https:\/\/www.facebook.com\/ofoutdoorkitchens\" \/>\n<meta property=\"article:published_time\" content=\"2021-10-02T09:01:19+00:00\" \/>\n<meta property=\"article:modified_time\" content=\"2023-03-16T08:34:01+00:00\" \/>\n<meta property=\"og:image\" content=\"https:\/\/www.ofoutdoorkitchens.com\/wp-content\/uploads\/2023\/03\/cucine-outdoor-e-design-cosa-ci-aspettera-per-l-imminente-autunno-e-il-prossimo-anno-28.jpg\" \/>\n\t<meta property=\"og:image:width\" content=\"960\" \/>\n\t<meta property=\"og:image:height\" content=\"641\" \/>\n\t<meta property=\"og:image:type\" content=\"image\/jpeg\" \/>\n<meta name=\"author\" content=\"ofoutdoorkitchens\" \/>\n<meta name=\"twitter:card\" content=\"summary_large_image\" \/>\n<meta name=\"twitter:label1\" content=\"Scritto da\" \/>\n\t<meta name=\"twitter:data1\" content=\"ofoutdoorkitchens\" \/>\n\t<meta name=\"twitter:label2\" content=\"Tempo di lettura stimato\" \/>\n\t<meta name=\"twitter:data2\" content=\"3 minuti\" \/>\n<!-- \/ Yoast SEO plugin. -->","yoast_head_json":{"title":"Cucine outdoor e design: cosa ci aspetter\u00e0 per l'imminente autunno e il prossimo anno - OF Outdoorkitchens","robots":{"index":"index","follow":"follow","max-snippet":"max-snippet:-1","max-image-preview":"max-image-preview:large","max-video-preview":"max-video-preview:-1"},"canonical":"https:\/\/www.ofoutdoorkitchens.com\/it\/blog\/cucine-outdoor-e-design-cosa-ci-aspettera-per-limminente-autunno-e-il-prossimo-anno\/","og_locale":"it_IT","og_type":"article","og_title":"Cucine outdoor e design: cosa ci aspetter\u00e0 per l'imminente autunno e il prossimo anno - OF Outdoorkitchens","og_description":"Quando si decide di creare una cucina all'aperto nel proprio spazio in esterno a disposizione, una delle domande fondamentali da porsi \u00e8: \u201cDove metterla?\u201d","og_url":"https:\/\/www.ofoutdoorkitchens.com\/it\/blog\/cucine-outdoor-e-design-cosa-ci-aspettera-per-limminente-autunno-e-il-prossimo-anno\/","og_site_name":"OF Outdoorkitchens","article_publisher":"https:\/\/www.facebook.com\/ofoutdoorkitchens","article_published_time":"2021-10-02T09:01:19+00:00","article_modified_time":"2023-03-16T08:34:01+00:00","og_image":[{"width":960,"height":641,"url":"https:\/\/www.ofoutdoorkitchens.com\/wp-content\/uploads\/2023\/03\/cucine-outdoor-e-design-cosa-ci-aspettera-per-l-imminente-autunno-e-il-prossimo-anno-28.jpg","type":"image\/jpeg"}],"author":"ofoutdoorkitchens","twitter_card":"summary_large_image","twitter_misc":{"Scritto da":"ofoutdoorkitchens","Tempo di lettura stimato":"3 minuti"},"schema":{"@context":"https:\/\/schema.org","@graph":[{"@type":"Article","@id":"https:\/\/www.ofoutdoorkitchens.com\/it\/blog\/cucine-outdoor-e-design-cosa-ci-aspettera-per-limminente-autunno-e-il-prossimo-anno\/#article","isPartOf":{"@id":"https:\/\/www.ofoutdoorkitchens.com\/it\/blog\/cucine-outdoor-e-design-cosa-ci-aspettera-per-limminente-autunno-e-il-prossimo-anno\/"},"author":{"name":"ofoutdoorkitchens","@id":"https:\/\/www.ofoutdoorkitchens.com\/it\/#\/schema\/person\/4649b133ad6cdd6d1b3a48f69d71db65"},"headline":"Cucine outdoor e design: cosa ci aspetter\u00e0 per l&#8217;imminente autunno e il prossimo anno","datePublished":"2021-10-02T09:01:19+00:00","dateModified":"2023-03-16T08:34:01+00:00","mainEntityOfPage":{"@id":"https:\/\/www.ofoutdoorkitchens.com\/it\/blog\/cucine-outdoor-e-design-cosa-ci-aspettera-per-limminente-autunno-e-il-prossimo-anno\/"},"wordCount":577,"publisher":{"@id":"https:\/\/www.ofoutdoorkitchens.com\/it\/#organization"},"image":{"@id":"https:\/\/www.ofoutdoorkitchens.com\/it\/blog\/cucine-outdoor-e-design-cosa-ci-aspettera-per-limminente-autunno-e-il-prossimo-anno\/#primaryimage"},"thumbnailUrl":"https:\/\/www.ofoutdoorkitchens.com\/wp-content\/uploads\/2023\/03\/cucine-outdoor-e-design-cosa-ci-aspettera-per-l-imminente-autunno-e-il-prossimo-anno-28.jpg","articleSection":["blog"],"inLanguage":"it-IT"},{"@type":"WebPage","@id":"https:\/\/www.ofoutdoorkitchens.com\/it\/blog\/cucine-outdoor-e-design-cosa-ci-aspettera-per-limminente-autunno-e-il-prossimo-anno\/","url":"https:\/\/www.ofoutdoorkitchens.com\/it\/blog\/cucine-outdoor-e-design-cosa-ci-aspettera-per-limminente-autunno-e-il-prossimo-anno\/","name":"Cucine outdoor e design: cosa ci aspetter\u00e0 per l'imminente autunno e il prossimo anno - OF Outdoorkitchens","isPartOf":{"@id":"https:\/\/www.ofoutdoorkitchens.com\/it\/#website"},"primaryImageOfPage":{"@id":"https:\/\/www.ofoutdoorkitchens.com\/it\/blog\/cucine-outdoor-e-design-cosa-ci-aspettera-per-limminente-autunno-e-il-prossimo-anno\/#primaryimage"},"image":{"@id":"https:\/\/www.ofoutdoorkitchens.com\/it\/blog\/cucine-outdoor-e-design-cosa-ci-aspettera-per-limminente-autunno-e-il-prossimo-anno\/#primaryimage"},"thumbnailUrl":"https:\/\/www.ofoutdoorkitchens.com\/wp-content\/uploads\/2023\/03\/cucine-outdoor-e-design-cosa-ci-aspettera-per-l-imminente-autunno-e-il-prossimo-anno-28.jpg","datePublished":"2021-10-02T09:01:19+00:00","dateModified":"2023-03-16T08:34:01+00:00","breadcrumb":{"@id":"https:\/\/www.ofoutdoorkitchens.com\/it\/blog\/cucine-outdoor-e-design-cosa-ci-aspettera-per-limminente-autunno-e-il-prossimo-anno\/#breadcrumb"},"inLanguage":"it-IT","potentialAction":[{"@type":"ReadAction","target":["https:\/\/www.ofoutdoorkitchens.com\/it\/blog\/cucine-outdoor-e-design-cosa-ci-aspettera-per-limminente-autunno-e-il-prossimo-anno\/"]}]},{"@type":"ImageObject","inLanguage":"it-IT","@id":"https:\/\/www.ofoutdoorkitchens.com\/it\/blog\/cucine-outdoor-e-design-cosa-ci-aspettera-per-limminente-autunno-e-il-prossimo-anno\/#primaryimage","url":"https:\/\/www.ofoutdoorkitchens.com\/wp-content\/uploads\/2023\/03\/cucine-outdoor-e-design-cosa-ci-aspettera-per-l-imminente-autunno-e-il-prossimo-anno-28.jpg","contentUrl":"https:\/\/www.ofoutdoorkitchens.com\/wp-content\/uploads\/2023\/03\/cucine-outdoor-e-design-cosa-ci-aspettera-per-l-imminente-autunno-e-il-prossimo-anno-28.jpg","width":960,"height":641},{"@type":"BreadcrumbList","@id":"https:\/\/www.ofoutdoorkitchens.com\/it\/blog\/cucine-outdoor-e-design-cosa-ci-aspettera-per-limminente-autunno-e-il-prossimo-anno\/#breadcrumb","itemListElement":[{"@type":"ListItem","position":1,"name":"Home","item":"https:\/\/www.ofoutdoorkitchens.com\/it\/"},{"@type":"ListItem","position":2,"name":"Cucine outdoor e design: cosa ci aspetter\u00e0 per l&#8217;imminente autunno e il prossimo anno"}]},{"@type":"WebSite","@id":"https:\/\/www.ofoutdoorkitchens.com\/it\/#website","url":"https:\/\/www.ofoutdoorkitchens.com\/it\/","name":"OF Outdoorkitchens","description":"","publisher":{"@id":"https:\/\/www.ofoutdoorkitchens.com\/it\/#organization"},"potentialAction":[{"@type":"SearchAction","target":{"@type":"EntryPoint","urlTemplate":"https:\/\/www.ofoutdoorkitchens.com\/it\/?s={search_term_string}"},"query-input":{"@type":"PropertyValueSpecification","valueRequired":true,"valueName":"search_term_string"}}],"inLanguage":"it-IT"},{"@type":"Organization","@id":"https:\/\/www.ofoutdoorkitchens.com\/it\/#organization","name":"OF Outdoorkitchens","url":"https:\/\/www.ofoutdoorkitchens.com\/it\/","logo":{"@type":"ImageObject","inLanguage":"it-IT","@id":"https:\/\/www.ofoutdoorkitchens.com\/it\/#\/schema\/logo\/image\/","url":"https:\/\/www.ofoutdoorkitchens.com\/wp-content\/uploads\/2023\/03\/logo-OF-2023-def150.png","contentUrl":"https:\/\/www.ofoutdoorkitchens.com\/wp-content\/uploads\/2023\/03\/logo-OF-2023-def150.png","width":150,"height":150,"caption":"OF Outdoorkitchens"},"image":{"@id":"https:\/\/www.ofoutdoorkitchens.com\/it\/#\/schema\/logo\/image\/"},"sameAs":["https:\/\/www.facebook.com\/ofoutdoorkitchens","https:\/\/www.instagram.com\/of.outdoorkitchens\/","https:\/\/www.linkedin.com\/company\/of-out-door-kitchens\/"]},{"@type":"Person","@id":"https:\/\/www.ofoutdoorkitchens.com\/it\/#\/schema\/person\/4649b133ad6cdd6d1b3a48f69d71db65","name":"ofoutdoorkitchens","image":{"@type":"ImageObject","inLanguage":"it-IT","@id":"https:\/\/www.ofoutdoorkitchens.com\/it\/#\/schema\/person\/image\/","url":"https:\/\/secure.gravatar.com\/avatar\/311968ef8a3bdce04631314e788508e52cc1ee637a6ba77c75c4c41ebb11386f?s=96&d=mm&r=g","contentUrl":"https:\/\/secure.gravatar.com\/avatar\/311968ef8a3bdce04631314e788508e52cc1ee637a6ba77c75c4c41ebb11386f?s=96&d=mm&r=g","caption":"ofoutdoorkitchens"},"sameAs":["https:\/\/www.ofoutdoorkitchens.com"],"url":"https:\/\/www.ofoutdoorkitchens.com\/it\/author\/ofoutdoorkitchens\/"}]}},"_links":{"self":[{"href":"https:\/\/www.ofoutdoorkitchens.com\/it\/wp-json\/wp\/v2\/posts\/435","targetHints":{"allow":["GET"]}}],"collection":[{"href":"https:\/\/www.ofoutdoorkitchens.com\/it\/wp-json\/wp\/v2\/posts"}],"about":[{"href":"https:\/\/www.ofoutdoorkitchens.com\/it\/wp-json\/wp\/v2\/types\/post"}],"author":[{"embeddable":true,"href":"https:\/\/www.ofoutdoorkitchens.com\/it\/wp-json\/wp\/v2\/users\/1"}],"replies":[{"embeddable":true,"href":"https:\/\/www.ofoutdoorkitchens.com\/it\/wp-json\/wp\/v2\/comments?post=435"}],"version-history":[{"count":1,"href":"https:\/\/www.ofoutdoorkitchens.com\/it\/wp-json\/wp\/v2\/posts\/435\/revisions"}],"predecessor-version":[{"id":437,"href":"https:\/\/www.ofoutdoorkitchens.com\/it\/wp-json\/wp\/v2\/posts\/435\/revisions\/437"}],"wp:featuredmedia":[{"embeddable":true,"href":"https:\/\/www.ofoutdoorkitchens.com\/it\/wp-json\/wp\/v2\/media\/436"}],"wp:attachment":[{"href":"https:\/\/www.ofoutdoorkitchens.com\/it\/wp-json\/wp\/v2\/media?parent=435"}],"wp:term":[{"taxonomy":"category","embeddable":true,"href":"https:\/\/www.ofoutdoorkitchens.com\/it\/wp-json\/wp\/v2\/categories?post=435"},{"taxonomy":"post_tag","embeddable":true,"href":"https:\/\/www.ofoutdoorkitchens.com\/it\/wp-json\/wp\/v2\/tags?post=435"}],"curies":[{"name":"wp","href":"https:\/\/api.w.org\/{rel}","templated":true}]}}