{"id":8293,"date":"2024-12-20T00:35:52","date_gmt":"2024-12-19T23:35:52","guid":{"rendered":"https:\/\/www.ofoutdoorkitchens.com\/?p=8293"},"modified":"2024-12-20T00:37:57","modified_gmt":"2024-12-19T23:37:57","slug":"of-outdoorkitchens-presente-porta-maggiore-la-cuisine-exterieure-accessible-a-tous","status":"publish","type":"post","link":"https:\/\/www.ofoutdoorkitchens.com\/fr\/non-classifiee\/of-outdoorkitchens-presente-porta-maggiore-la-cuisine-exterieure-accessible-a-tous\/","title":{"rendered":"OF outdoorkitchens pr\u00e9sente Porta Maggiore, la cuisine ext\u00e9rieure accessible \u00e0 tous"},"content":{"rendered":"<p>Sp\u00e9cialis\u00e9e dans la production de cuisines ext\u00e9rieures depuis 2019, OF outdoorkitchens a r\u00e9cemment lanc\u00e9 Porta Maggiore, un nouveau mod\u00e8le con\u00e7u pour conqu\u00e9rir un segment de march\u00e9 jusqu&#8217;ici inexplor\u00e9, avec des prix bien plus comp\u00e9titifs que Via Nolfi, leur mod\u00e8le phare qui a positionn\u00e9 l&#8217;entreprise comme leader des ventes de cuisines ext\u00e9rieures en Italie et dans le monde.<\/p>\n<p>Avec un r\u00e9seau \u00e9tendu de distributeurs pr\u00e9sents sur tout le territoire national et international, OF outdoorkitchens est d\u00e9sormais pr\u00eate \u00e0 offrir une nouvelle solution modulaire, plus abordable tout en restant d&#8217;une qualit\u00e9 exceptionnelle : d\u00e9couvrons-la ensemble !<\/p>\n<h2>Porta Maggiore : la nouvelle solution d\u2019OF outdoorkitchens pour tous<\/h2>\n<p>\u00c0 une \u00e9poque o\u00f9 la vie en plein air est de plus en plus centrale et o\u00f9 les maisons sont con\u00e7ues avec des espaces ext\u00e9rieurs plus importants et fonctionnels, OF outdoorkitchens revient sur le devant de la sc\u00e8ne avec le lancement d&#8217;un nouveau mod\u00e8le. Baptis\u00e9 Porta Maggiore, il allie tradition et modernit\u00e9, s\u2019inspirant de la majestueuse porte m\u00e9di\u00e9vale qui accueille les visiteurs de la ville de Fano.<\/p>\n<h2>Pourquoi choisir Porta Maggiore<\/h2>\n<p>D\u00e9riv\u00e9e de Via Nolfi, Porta Maggiore est disponible en version lin\u00e9aire (murale ou \u00eelot) et en version d&#8217;angle, s&#8217;adaptant ainsi facilement aux espaces ext\u00e9rieurs de diff\u00e9rentes tailles tout en conservant la principale force d\u2019OF : la modularit\u00e9.<\/p>\n<p>Malgr\u00e9 les dimensions standard de la structure (65 cm) et du plateau (68,5 cm, extensible jusqu&#8217;\u00e0 1 m\u00e8tre), la gamme de modules reste large, avec des options telles que :<\/p>\n<ul>\n<li>1 porte de 30, 45 ou 60 cm ;<\/li>\n<li>2 portes de 90 ou 120 cm ;<\/li>\n<li>module tiroir avec 3 tiroirs de rangement ;<\/li>\n<li>module barbecue ;<\/li>\n<li>module pour le tri s\u00e9lectif.<\/li>\n<\/ul>\n<p>La gamme de modules, s\u00e9lectionn\u00e9e en fonction des besoins et de l&#8217;espace disponible, est compl\u00e9t\u00e9e par une s\u00e9lection d&#8217;appareils \u00e9lectrom\u00e9nagers et d&#8217;accessoires, comprenant :<\/p>\n<ul>\n<li>barbecue \u00e0 4 feux ;<\/li>\n<li>plancha ;<\/li>\n<li>r\u00e9chauds \u00e0 gaz avec 1, 2 ou 4 feux avec couvercle de protection ;<\/li>\n<li>plaque \u00e0 induction \u00e0 2 ou 4 feux ;<\/li>\n<li>r\u00e9frig\u00e9rateur, lave-vaisselle et \u00e9vier avec petite ou grande cuve et mitigeur, \u00e9galement disponible avec douchette.<\/li>\n<\/ul>\n<p>Lors de la configuration, chaque client peut choisir la finition de son choix et \u00e9valuer l&#8217;installation de panneaux arri\u00e8re et lat\u00e9raux avec des micro-joints invisibles. Le mat\u00e9riau utilis\u00e9 est le Magnelis, un rev\u00eatement m\u00e9tallique exceptionnel ayant une durabilit\u00e9 trois fois sup\u00e9rieure \u00e0 la t\u00f4le galvanis\u00e9e traditionnelle, id\u00e9al pour une utilisation en ext\u00e9rieur.<\/p>\n<p>Porta Maggiore est livr\u00e9e en seulement 4 semaines apr\u00e8s la commande, accompagn\u00e9e d\u2019un kit de nettoyage sp\u00e9cifique et d\u2019une garantie de deux ans.<\/p>\n","protected":false},"excerpt":{"rendered":"<p>Sp\u00e9cialis\u00e9e dans la production de cuisines ext\u00e9rieures depuis 2019, OF outdoorkitchens a r\u00e9cemment lanc\u00e9 Porta Maggiore, un nouveau mod\u00e8le con\u00e7u pour conqu\u00e9rir un segment de march\u00e9 jusqu&#8217;ici inexplor\u00e9, avec des prix bien plus comp\u00e9titifs que Via Nolfi, leur mod\u00e8le phare qui a positionn\u00e9 l&#8217;entreprise comme leader des ventes de cuisines ext\u00e9rieures en Italie et dans&#8230;<\/p>\n","protected":false},"author":1,"featured_media":6960,"comment_status":"closed","ping_status":"closed","sticky":false,"template":"","format":"standard","meta":{"om_disable_all_campaigns":false,"_uf_show_specific_survey":0,"_uf_disable_surveys":false,"footnotes":""},"categories":[95,40],"tags":[189],"class_list":["post-8293","post","type-post","status-publish","format-standard","has-post-thumbnail","hentry","category-blog-2","category-non-classifiee","tag-acciaio-inox-fr"],"yoast_head":"<!-- This site is optimized with the Yoast SEO plugin v23.4 - https:\/\/yoast.com\/wordpress\/plugins\/seo\/ -->\n<title>OF outdoorkitchens pr\u00e9sente Porta Maggiore, la cuisine ext\u00e9rieure accessible \u00e0 tous<\/title>\n<meta name=\"description\" content=\"Les cuisines d&#039;ext\u00e9rieur en L sont aujourd&#039;hui reconnues comme le meilleur compromis entre espace et fonctionnalit\u00e9 : voyons ensemble pourquoi !\" \/>\n<meta name=\"robots\" content=\"index, follow, max-snippet:-1, max-image-preview:large, max-video-preview:-1\" \/>\n<link rel=\"canonical\" href=\"https:\/\/www.ofoutdoorkitchens.com\/fr\/non-classifiee\/of-outdoorkitchens-presente-porta-maggiore-la-cuisine-exterieure-accessible-a-tous\/\" \/>\n<meta property=\"og:locale\" content=\"fr_FR\" \/>\n<meta property=\"og:type\" content=\"article\" \/>\n<meta property=\"og:title\" content=\"OF outdoorkitchens pr\u00e9sente Porta Maggiore, la cuisine ext\u00e9rieure accessible \u00e0 tous\" \/>\n<meta property=\"og:description\" content=\"Les cuisines d&#039;ext\u00e9rieur en L sont aujourd&#039;hui reconnues comme le meilleur compromis entre espace et fonctionnalit\u00e9 : voyons ensemble pourquoi !\" \/>\n<meta property=\"og:url\" content=\"https:\/\/www.ofoutdoorkitchens.com\/fr\/non-classifiee\/of-outdoorkitchens-presente-porta-maggiore-la-cuisine-exterieure-accessible-a-tous\/\" \/>\n<meta property=\"og:site_name\" content=\"OF Outdoorkitchens\" \/>\n<meta property=\"article:publisher\" content=\"https:\/\/www.facebook.com\/ofoutdoorkitchens\" \/>\n<meta property=\"article:published_time\" content=\"2024-12-19T23:35:52+00:00\" \/>\n<meta property=\"article:modified_time\" content=\"2024-12-19T23:37:57+00:00\" \/>\n<meta property=\"og:image\" content=\"https:\/\/www.ofoutdoorkitchens.com\/wp-content\/uploads\/2024\/06\/1570759-mod-ok-def-pannello-grigio_Rid-scaled.jpg\" \/>\n\t<meta property=\"og:image:width\" content=\"1280\" \/>\n\t<meta property=\"og:image:height\" content=\"698\" \/>\n\t<meta property=\"og:image:type\" content=\"image\/jpeg\" \/>\n<meta name=\"author\" content=\"ofoutdoorkitchens\" \/>\n<meta name=\"twitter:card\" content=\"summary_large_image\" \/>\n<meta name=\"twitter:label1\" content=\"\u00c9crit par\" \/>\n\t<meta name=\"twitter:data1\" content=\"ofoutdoorkitchens\" \/>\n\t<meta name=\"twitter:label2\" content=\"Dur\u00e9e de lecture estim\u00e9e\" \/>\n\t<meta name=\"twitter:data2\" content=\"2 minutes\" \/>\n<!-- \/ Yoast SEO plugin. -->","yoast_head_json":{"title":"OF outdoorkitchens pr\u00e9sente Porta Maggiore, la cuisine ext\u00e9rieure accessible \u00e0 tous","description":"Les cuisines d'ext\u00e9rieur en L sont aujourd'hui reconnues comme le meilleur compromis entre espace et fonctionnalit\u00e9 : voyons ensemble pourquoi !","robots":{"index":"index","follow":"follow","max-snippet":"max-snippet:-1","max-image-preview":"max-image-preview:large","max-video-preview":"max-video-preview:-1"},"canonical":"https:\/\/www.ofoutdoorkitchens.com\/fr\/non-classifiee\/of-outdoorkitchens-presente-porta-maggiore-la-cuisine-exterieure-accessible-a-tous\/","og_locale":"fr_FR","og_type":"article","og_title":"OF outdoorkitchens pr\u00e9sente Porta Maggiore, la cuisine ext\u00e9rieure accessible \u00e0 tous","og_description":"Les cuisines d'ext\u00e9rieur en L sont aujourd'hui reconnues comme le meilleur compromis entre espace et fonctionnalit\u00e9 : voyons ensemble pourquoi !","og_url":"https:\/\/www.ofoutdoorkitchens.com\/fr\/non-classifiee\/of-outdoorkitchens-presente-porta-maggiore-la-cuisine-exterieure-accessible-a-tous\/","og_site_name":"OF Outdoorkitchens","article_publisher":"https:\/\/www.facebook.com\/ofoutdoorkitchens","article_published_time":"2024-12-19T23:35:52+00:00","article_modified_time":"2024-12-19T23:37:57+00:00","og_image":[{"width":1280,"height":698,"url":"https:\/\/www.ofoutdoorkitchens.com\/wp-content\/uploads\/2024\/06\/1570759-mod-ok-def-pannello-grigio_Rid-scaled.jpg","type":"image\/jpeg"}],"author":"ofoutdoorkitchens","twitter_card":"summary_large_image","twitter_misc":{"\u00c9crit par":"ofoutdoorkitchens","Dur\u00e9e de lecture estim\u00e9e":"2 minutes"},"schema":{"@context":"https:\/\/schema.org","@graph":[{"@type":"Article","@id":"https:\/\/www.ofoutdoorkitchens.com\/fr\/non-classifiee\/of-outdoorkitchens-presente-porta-maggiore-la-cuisine-exterieure-accessible-a-tous\/#article","isPartOf":{"@id":"https:\/\/www.ofoutdoorkitchens.com\/fr\/non-classifiee\/of-outdoorkitchens-presente-porta-maggiore-la-cuisine-exterieure-accessible-a-tous\/"},"author":{"name":"ofoutdoorkitchens","@id":"https:\/\/www.ofoutdoorkitchens.com\/fr\/#\/schema\/person\/4649b133ad6cdd6d1b3a48f69d71db65"},"headline":"OF outdoorkitchens pr\u00e9sente Porta Maggiore, la cuisine ext\u00e9rieure accessible \u00e0 tous","datePublished":"2024-12-19T23:35:52+00:00","dateModified":"2024-12-19T23:37:57+00:00","mainEntityOfPage":{"@id":"https:\/\/www.ofoutdoorkitchens.com\/fr\/non-classifiee\/of-outdoorkitchens-presente-porta-maggiore-la-cuisine-exterieure-accessible-a-tous\/"},"wordCount":447,"publisher":{"@id":"https:\/\/www.ofoutdoorkitchens.com\/fr\/#organization"},"image":{"@id":"https:\/\/www.ofoutdoorkitchens.com\/fr\/non-classifiee\/of-outdoorkitchens-presente-porta-maggiore-la-cuisine-exterieure-accessible-a-tous\/#primaryimage"},"thumbnailUrl":"https:\/\/www.ofoutdoorkitchens.com\/wp-content\/uploads\/2024\/06\/1570759-mod-ok-def-pannello-grigio_Rid-scaled.jpg","keywords":["acciaio inox"],"articleSection":["BLOG","Non classifi\u00e9(e)"],"inLanguage":"fr-FR"},{"@type":"WebPage","@id":"https:\/\/www.ofoutdoorkitchens.com\/fr\/non-classifiee\/of-outdoorkitchens-presente-porta-maggiore-la-cuisine-exterieure-accessible-a-tous\/","url":"https:\/\/www.ofoutdoorkitchens.com\/fr\/non-classifiee\/of-outdoorkitchens-presente-porta-maggiore-la-cuisine-exterieure-accessible-a-tous\/","name":"OF outdoorkitchens pr\u00e9sente Porta Maggiore, la cuisine ext\u00e9rieure accessible \u00e0 tous","isPartOf":{"@id":"https:\/\/www.ofoutdoorkitchens.com\/fr\/#website"},"primaryImageOfPage":{"@id":"https:\/\/www.ofoutdoorkitchens.com\/fr\/non-classifiee\/of-outdoorkitchens-presente-porta-maggiore-la-cuisine-exterieure-accessible-a-tous\/#primaryimage"},"image":{"@id":"https:\/\/www.ofoutdoorkitchens.com\/fr\/non-classifiee\/of-outdoorkitchens-presente-porta-maggiore-la-cuisine-exterieure-accessible-a-tous\/#primaryimage"},"thumbnailUrl":"https:\/\/www.ofoutdoorkitchens.com\/wp-content\/uploads\/2024\/06\/1570759-mod-ok-def-pannello-grigio_Rid-scaled.jpg","datePublished":"2024-12-19T23:35:52+00:00","dateModified":"2024-12-19T23:37:57+00:00","description":"Les cuisines d'ext\u00e9rieur en L sont aujourd'hui reconnues comme le meilleur compromis entre espace et fonctionnalit\u00e9 : voyons ensemble pourquoi !","breadcrumb":{"@id":"https:\/\/www.ofoutdoorkitchens.com\/fr\/non-classifiee\/of-outdoorkitchens-presente-porta-maggiore-la-cuisine-exterieure-accessible-a-tous\/#breadcrumb"},"inLanguage":"fr-FR","potentialAction":[{"@type":"ReadAction","target":["https:\/\/www.ofoutdoorkitchens.com\/fr\/non-classifiee\/of-outdoorkitchens-presente-porta-maggiore-la-cuisine-exterieure-accessible-a-tous\/"]}]},{"@type":"ImageObject","inLanguage":"fr-FR","@id":"https:\/\/www.ofoutdoorkitchens.com\/fr\/non-classifiee\/of-outdoorkitchens-presente-porta-maggiore-la-cuisine-exterieure-accessible-a-tous\/#primaryimage","url":"https:\/\/www.ofoutdoorkitchens.com\/wp-content\/uploads\/2024\/06\/1570759-mod-ok-def-pannello-grigio_Rid-scaled.jpg","contentUrl":"https:\/\/www.ofoutdoorkitchens.com\/wp-content\/uploads\/2024\/06\/1570759-mod-ok-def-pannello-grigio_Rid-scaled.jpg","width":1280,"height":698,"caption":"Cucina Mod. Porta Maggiore Bianco"},{"@type":"BreadcrumbList","@id":"https:\/\/www.ofoutdoorkitchens.com\/fr\/non-classifiee\/of-outdoorkitchens-presente-porta-maggiore-la-cuisine-exterieure-accessible-a-tous\/#breadcrumb","itemListElement":[{"@type":"ListItem","position":1,"name":"Home","item":"https:\/\/www.ofoutdoorkitchens.com\/fr\/"},{"@type":"ListItem","position":2,"name":"OF outdoorkitchens pr\u00e9sente Porta Maggiore, la cuisine ext\u00e9rieure accessible \u00e0 tous"}]},{"@type":"WebSite","@id":"https:\/\/www.ofoutdoorkitchens.com\/fr\/#website","url":"https:\/\/www.ofoutdoorkitchens.com\/fr\/","name":"OF Outdoorkitchens","description":"","publisher":{"@id":"https:\/\/www.ofoutdoorkitchens.com\/fr\/#organization"},"potentialAction":[{"@type":"SearchAction","target":{"@type":"EntryPoint","urlTemplate":"https:\/\/www.ofoutdoorkitchens.com\/fr\/?s={search_term_string}"},"query-input":{"@type":"PropertyValueSpecification","valueRequired":true,"valueName":"search_term_string"}}],"inLanguage":"fr-FR"},{"@type":"Organization","@id":"https:\/\/www.ofoutdoorkitchens.com\/fr\/#organization","name":"OF Outdoorkitchens","url":"https:\/\/www.ofoutdoorkitchens.com\/fr\/","logo":{"@type":"ImageObject","inLanguage":"fr-FR","@id":"https:\/\/www.ofoutdoorkitchens.com\/fr\/#\/schema\/logo\/image\/","url":"https:\/\/www.ofoutdoorkitchens.com\/wp-content\/uploads\/2023\/03\/logo-OF-2023-def150.png","contentUrl":"https:\/\/www.ofoutdoorkitchens.com\/wp-content\/uploads\/2023\/03\/logo-OF-2023-def150.png","width":150,"height":150,"caption":"OF Outdoorkitchens"},"image":{"@id":"https:\/\/www.ofoutdoorkitchens.com\/fr\/#\/schema\/logo\/image\/"},"sameAs":["https:\/\/www.facebook.com\/ofoutdoorkitchens","https:\/\/www.instagram.com\/of.outdoorkitchens\/","https:\/\/www.linkedin.com\/company\/of-out-door-kitchens\/"]},{"@type":"Person","@id":"https:\/\/www.ofoutdoorkitchens.com\/fr\/#\/schema\/person\/4649b133ad6cdd6d1b3a48f69d71db65","name":"ofoutdoorkitchens","image":{"@type":"ImageObject","inLanguage":"fr-FR","@id":"https:\/\/www.ofoutdoorkitchens.com\/fr\/#\/schema\/person\/image\/","url":"https:\/\/secure.gravatar.com\/avatar\/311968ef8a3bdce04631314e788508e52cc1ee637a6ba77c75c4c41ebb11386f?s=96&d=mm&r=g","contentUrl":"https:\/\/secure.gravatar.com\/avatar\/311968ef8a3bdce04631314e788508e52cc1ee637a6ba77c75c4c41ebb11386f?s=96&d=mm&r=g","caption":"ofoutdoorkitchens"},"sameAs":["https:\/\/www.ofoutdoorkitchens.com"],"url":"https:\/\/www.ofoutdoorkitchens.com\/fr\/author\/ofoutdoorkitchens\/"}]}},"_links":{"self":[{"href":"https:\/\/www.ofoutdoorkitchens.com\/fr\/wp-json\/wp\/v2\/posts\/8293","targetHints":{"allow":["GET"]}}],"collection":[{"href":"https:\/\/www.ofoutdoorkitchens.com\/fr\/wp-json\/wp\/v2\/posts"}],"about":[{"href":"https:\/\/www.ofoutdoorkitchens.com\/fr\/wp-json\/wp\/v2\/types\/post"}],"author":[{"embeddable":true,"href":"https:\/\/www.ofoutdoorkitchens.com\/fr\/wp-json\/wp\/v2\/users\/1"}],"replies":[{"embeddable":true,"href":"https:\/\/www.ofoutdoorkitchens.com\/fr\/wp-json\/wp\/v2\/comments?post=8293"}],"version-history":[{"count":1,"href":"https:\/\/www.ofoutdoorkitchens.com\/fr\/wp-json\/wp\/v2\/posts\/8293\/revisions"}],"predecessor-version":[{"id":8296,"href":"https:\/\/www.ofoutdoorkitchens.com\/fr\/wp-json\/wp\/v2\/posts\/8293\/revisions\/8296"}],"wp:featuredmedia":[{"embeddable":true,"href":"https:\/\/www.ofoutdoorkitchens.com\/fr\/wp-json\/wp\/v2\/media\/6960"}],"wp:attachment":[{"href":"https:\/\/www.ofoutdoorkitchens.com\/fr\/wp-json\/wp\/v2\/media?parent=8293"}],"wp:term":[{"taxonomy":"category","embeddable":true,"href":"https:\/\/www.ofoutdoorkitchens.com\/fr\/wp-json\/wp\/v2\/categories?post=8293"},{"taxonomy":"post_tag","embeddable":true,"href":"https:\/\/www.ofoutdoorkitchens.com\/fr\/wp-json\/wp\/v2\/tags?post=8293"}],"curies":[{"name":"wp","href":"https:\/\/api.w.org\/{rel}","templated":true}]}}