{"id":4533,"date":"2022-05-29T11:21:44","date_gmt":"2022-05-29T09:21:44","guid":{"rendered":"https:\/\/www.ofoutdoorkitchens.com\/sin-categorizar\/el-exterior-se-renueva-las-principales-novedades-de-la-temporada-para-el-diseno\/"},"modified":"2024-11-22T11:57:15","modified_gmt":"2024-11-22T10:57:15","slug":"el-exterior-se-renueva-las-principales-novedades-de-la-temporada-para-el-diseno","status":"publish","type":"post","link":"https:\/\/www.ofoutdoorkitchens.com\/es\/blog-3\/el-exterior-se-renueva-las-principales-novedades-de-la-temporada-para-el-diseno\/","title":{"rendered":"El exterior se renueva: las principales novedades de la temporada para el dise\u00f1o"},"content":{"rendered":"<p>La idea de que los ambientes exteriores tienen la misma importancia que los interiores y deben amueblarse con el mismo cuidado se est\u00e1 arraigando cada vez m\u00e1s en el comprador italiano, al igual que la clientela internacional. <strong>Nuevas formas de vivir se abren as\u00ed camino, con diferentes estilos de vida en plein air.<\/strong> En resumen, crece la atenci\u00f3n por el exterior, con la consecuencia de aumentar cada vez m\u00e1s la investigaci\u00f3n sobre nuevos materiales, con un estudio por parte de los dise\u00f1adores y los proyectistas por c\u00f3mo hacerlos duraderos y resistentes a la intemperie. La soluci\u00f3n reside a menudo en utilizar materiales reciclados y reciclables y en encontrar el equilibrio adecuado entre est\u00e9tica y funcionalidad. Veamos entonces cu\u00e1les son las principales novedades de la temporada en este sentido.<\/p>\n<h2>Sof\u00e1s y chaise longue que mezclan madera y aluminio<\/h2>\n<p>La cocina de exterior, en particular, incluye, adem\u00e1s del espacio para preparar los alimentos, un \u00e1rea de convivencia en la que los hu\u00e9spedes pueden relajarse y pasar el tiempo agradablemente. Es por eso que sof\u00e1s y chaise longue reviven un nuevo esplendor, con materiales in\u00e9ditos. <strong>Pensamos en la madera de teca mezclada con bases de aluminio.<\/strong> Este \u00faltimo es reinterpretado por muchos dise\u00f1adores centr\u00e1ndose en la resistencia y la ergonom\u00eda, y se muestra \u00faltimamente muy vers\u00e1til e innovador. En particular, sorprende el contraste entre la dureza del metal y las inserciones textiles de sof\u00e1s o sillones. Tambi\u00e9n es interesante la tendencia de amueblar las cocinas de exterior con mesas moldeadas y pintadas. Negro, blanco o colores vitam\u00ednicos: cualquier matiz que se elija, la pintura es ahora a base de poliuretano, por lo que ya no hay que temer las decoloraciones debidas a la intemperie.<\/p>\n<h2>El acero se vuelve cada vez m\u00e1s funcional, con nada que envidiar al sector del autom\u00f3vil<\/h2>\n<p>Realmente parece una de las tendencias m\u00e1s actuales en el dise\u00f1o (y luego en el uso) de las cocinas de exterior la de a\u00f1adir un peque\u00f1o lavadero. Esta soluci\u00f3n nace del hecho de que el espacio exterior se vive y concibe cada vez m\u00e1s como una habitaci\u00f3n adicional de la casa. En pocas palabras, <strong>el jard\u00edn o la terraza se convierten en una verdadera extensi\u00f3n de la casa.<\/strong> Adem\u00e1s, el acero utilizado para las cocinas de exterior est\u00e1 cada vez m\u00e1s preparado para soportar cualquier tipo de intemperie, hasta el punto de que no tiene nada que envidiar al utilizado para el sector del autom\u00f3vil o n\u00e1utico. En OF outdoorkitchens sabemos lo importante que puede ser el acero en una cocina de exterior y dedicamos un cuidado extremo a este material.<\/p>\n<h2>Los muebles de jard\u00edn se vuelven intercambiables en los dise\u00f1os<\/h2>\n<p>Otra innovaci\u00f3n del gusto en el mobiliario de exterior es el hecho de que los muebles de jard\u00edn se pueden combinar con otros y configurar en muchos dise\u00f1os diferentes. Un gusto incre\u00edblemente moderno puede, por ejemplo, encontrarse en <strong>tres muebles geom\u00e9tricos oscuros o plateados<\/strong> que pueden adaptarse de diversas maneras. En las \u00faltimas versiones creadas por los dise\u00f1adores para los asientos exteriores, los reposabrazos y respaldos de las sillas y de los sillones son modulares y giratorios, dependiendo del escenario que se enfrente. Por lo tanto, se pueden colocar de manera distinta para disfrutar de noches relajantes mirando el horizonte.<\/p>\n<h2>Acabados y detalles glamorosos para una cocina de gran presencia esc\u00e9nica<\/h2>\n<p>Por \u00faltimo, no podemos dejar de hablar del segmento de lujo, para cocinas de exterior que se vuelven decididamente suntuosas. \u00bfUn ejemplo? Para realzar el atractivo visual de toda la composici\u00f3n, se puede optar por acabados atrevidos e inusuales. <strong>Platino, oro, bronce y efectos metalizados o perlados.<\/strong> La cocina brillar\u00e1 como una preciosa joya de dise\u00f1o bajo el sol. Para una cocina que no pasa desapercibida, tambi\u00e9n hay cubiertas correderas o abatibles que se pueden activar con un mando a distancia para protegerla cuando no se utiliza, que adem\u00e1s se convierten en c\u00f3modas encimeras o mesas de aperitivos si es necesario. Por lo tanto, el mundo del dise\u00f1o exterior est\u00e1 en constante evoluci\u00f3n y siempre nos reserva novedades.<\/p>\n","protected":false},"excerpt":{"rendered":"<p>Cuando se decide crear una cocina de exterior en el propio espacio exterior disponible, una de las preguntas fundamentales que hay que hacerse es: &#8220;\u00bfD\u00f3nde ponerla?&#8221;<\/p>\n","protected":false},"author":1,"featured_media":2762,"comment_status":"closed","ping_status":"closed","sticky":false,"template":"","format":"standard","meta":{"om_disable_all_campaigns":false,"_uf_show_specific_survey":0,"_uf_disable_surveys":false,"footnotes":""},"categories":[97],"tags":[],"class_list":["post-4533","post","type-post","status-publish","format-standard","has-post-thumbnail","hentry","category-blog-3"],"yoast_head":"<!-- This site is optimized with the Yoast SEO plugin v23.4 - https:\/\/yoast.com\/wordpress\/plugins\/seo\/ -->\n<title>El exterior se renueva: las principales novedades de la temporada para el dise\u00f1o - OF Outdoorkitchens<\/title>\n<meta name=\"robots\" content=\"index, follow, max-snippet:-1, max-image-preview:large, max-video-preview:-1\" \/>\n<link rel=\"canonical\" href=\"https:\/\/www.ofoutdoorkitchens.com\/es\/blog-3\/el-exterior-se-renueva-las-principales-novedades-de-la-temporada-para-el-diseno\/\" \/>\n<meta property=\"og:locale\" content=\"es_ES\" \/>\n<meta property=\"og:type\" content=\"article\" \/>\n<meta property=\"og:title\" content=\"El exterior se renueva: las principales novedades de la temporada para el dise\u00f1o - OF Outdoorkitchens\" \/>\n<meta property=\"og:description\" content=\"Cuando se decide crear una cocina de exterior en el propio espacio exterior disponible, una de las preguntas fundamentales que hay que hacerse es: &quot;\u00bfD\u00f3nde ponerla?&quot;\" \/>\n<meta property=\"og:url\" content=\"https:\/\/www.ofoutdoorkitchens.com\/es\/blog-3\/el-exterior-se-renueva-las-principales-novedades-de-la-temporada-para-el-diseno\/\" \/>\n<meta property=\"og:site_name\" content=\"OF Outdoorkitchens\" \/>\n<meta property=\"article:publisher\" content=\"https:\/\/www.facebook.com\/ofoutdoorkitchens\" \/>\n<meta property=\"article:published_time\" content=\"2022-05-29T09:21:44+00:00\" \/>\n<meta property=\"article:modified_time\" content=\"2024-11-22T10:57:15+00:00\" \/>\n<meta property=\"og:image\" content=\"https:\/\/www.ofoutdoorkitchens.com\/wp-content\/uploads\/2023\/03\/l-outdoor-si-rinnova-le-principali-novita-della-stagione-per-il-design-59-scaled.jpg\" \/>\n\t<meta property=\"og:image:width\" content=\"1280\" \/>\n\t<meta property=\"og:image:height\" content=\"855\" \/>\n\t<meta property=\"og:image:type\" content=\"image\/jpeg\" \/>\n<meta name=\"author\" content=\"ofoutdoorkitchens\" \/>\n<meta name=\"twitter:card\" content=\"summary_large_image\" \/>\n<meta name=\"twitter:label1\" content=\"Escrito por\" \/>\n\t<meta name=\"twitter:data1\" content=\"ofoutdoorkitchens\" \/>\n\t<meta name=\"twitter:label2\" content=\"Tiempo de lectura\" \/>\n\t<meta name=\"twitter:data2\" content=\"4 minutos\" \/>\n<!-- \/ Yoast SEO plugin. -->","yoast_head_json":{"title":"El exterior se renueva: las principales novedades de la temporada para el dise\u00f1o - OF Outdoorkitchens","robots":{"index":"index","follow":"follow","max-snippet":"max-snippet:-1","max-image-preview":"max-image-preview:large","max-video-preview":"max-video-preview:-1"},"canonical":"https:\/\/www.ofoutdoorkitchens.com\/es\/blog-3\/el-exterior-se-renueva-las-principales-novedades-de-la-temporada-para-el-diseno\/","og_locale":"es_ES","og_type":"article","og_title":"El exterior se renueva: las principales novedades de la temporada para el dise\u00f1o - OF Outdoorkitchens","og_description":"Cuando se decide crear una cocina de exterior en el propio espacio exterior disponible, una de las preguntas fundamentales que hay que hacerse es: \"\u00bfD\u00f3nde ponerla?\"","og_url":"https:\/\/www.ofoutdoorkitchens.com\/es\/blog-3\/el-exterior-se-renueva-las-principales-novedades-de-la-temporada-para-el-diseno\/","og_site_name":"OF Outdoorkitchens","article_publisher":"https:\/\/www.facebook.com\/ofoutdoorkitchens","article_published_time":"2022-05-29T09:21:44+00:00","article_modified_time":"2024-11-22T10:57:15+00:00","og_image":[{"width":1280,"height":855,"url":"https:\/\/www.ofoutdoorkitchens.com\/wp-content\/uploads\/2023\/03\/l-outdoor-si-rinnova-le-principali-novita-della-stagione-per-il-design-59-scaled.jpg","type":"image\/jpeg"}],"author":"ofoutdoorkitchens","twitter_card":"summary_large_image","twitter_misc":{"Escrito por":"ofoutdoorkitchens","Tiempo de lectura":"4 minutos"},"schema":{"@context":"https:\/\/schema.org","@graph":[{"@type":"Article","@id":"https:\/\/www.ofoutdoorkitchens.com\/es\/blog-3\/el-exterior-se-renueva-las-principales-novedades-de-la-temporada-para-el-diseno\/#article","isPartOf":{"@id":"https:\/\/www.ofoutdoorkitchens.com\/es\/blog-3\/el-exterior-se-renueva-las-principales-novedades-de-la-temporada-para-el-diseno\/"},"author":{"name":"ofoutdoorkitchens","@id":"https:\/\/www.ofoutdoorkitchens.com\/es\/#\/schema\/person\/4649b133ad6cdd6d1b3a48f69d71db65"},"headline":"El exterior se renueva: las principales novedades de la temporada para el dise\u00f1o","datePublished":"2022-05-29T09:21:44+00:00","dateModified":"2024-11-22T10:57:15+00:00","mainEntityOfPage":{"@id":"https:\/\/www.ofoutdoorkitchens.com\/es\/blog-3\/el-exterior-se-renueva-las-principales-novedades-de-la-temporada-para-el-diseno\/"},"wordCount":733,"publisher":{"@id":"https:\/\/www.ofoutdoorkitchens.com\/es\/#organization"},"image":{"@id":"https:\/\/www.ofoutdoorkitchens.com\/es\/blog-3\/el-exterior-se-renueva-las-principales-novedades-de-la-temporada-para-el-diseno\/#primaryimage"},"thumbnailUrl":"https:\/\/www.ofoutdoorkitchens.com\/wp-content\/uploads\/2023\/03\/l-outdoor-si-rinnova-le-principali-novita-della-stagione-per-il-design-59-scaled.jpg","articleSection":["BLOG"],"inLanguage":"es"},{"@type":"WebPage","@id":"https:\/\/www.ofoutdoorkitchens.com\/es\/blog-3\/el-exterior-se-renueva-las-principales-novedades-de-la-temporada-para-el-diseno\/","url":"https:\/\/www.ofoutdoorkitchens.com\/es\/blog-3\/el-exterior-se-renueva-las-principales-novedades-de-la-temporada-para-el-diseno\/","name":"El exterior se renueva: las principales novedades de la temporada para el dise\u00f1o - OF Outdoorkitchens","isPartOf":{"@id":"https:\/\/www.ofoutdoorkitchens.com\/es\/#website"},"primaryImageOfPage":{"@id":"https:\/\/www.ofoutdoorkitchens.com\/es\/blog-3\/el-exterior-se-renueva-las-principales-novedades-de-la-temporada-para-el-diseno\/#primaryimage"},"image":{"@id":"https:\/\/www.ofoutdoorkitchens.com\/es\/blog-3\/el-exterior-se-renueva-las-principales-novedades-de-la-temporada-para-el-diseno\/#primaryimage"},"thumbnailUrl":"https:\/\/www.ofoutdoorkitchens.com\/wp-content\/uploads\/2023\/03\/l-outdoor-si-rinnova-le-principali-novita-della-stagione-per-il-design-59-scaled.jpg","datePublished":"2022-05-29T09:21:44+00:00","dateModified":"2024-11-22T10:57:15+00:00","breadcrumb":{"@id":"https:\/\/www.ofoutdoorkitchens.com\/es\/blog-3\/el-exterior-se-renueva-las-principales-novedades-de-la-temporada-para-el-diseno\/#breadcrumb"},"inLanguage":"es","potentialAction":[{"@type":"ReadAction","target":["https:\/\/www.ofoutdoorkitchens.com\/es\/blog-3\/el-exterior-se-renueva-las-principales-novedades-de-la-temporada-para-el-diseno\/"]}]},{"@type":"ImageObject","inLanguage":"es","@id":"https:\/\/www.ofoutdoorkitchens.com\/es\/blog-3\/el-exterior-se-renueva-las-principales-novedades-de-la-temporada-para-el-diseno\/#primaryimage","url":"https:\/\/www.ofoutdoorkitchens.com\/wp-content\/uploads\/2023\/03\/l-outdoor-si-rinnova-le-principali-novita-della-stagione-per-il-design-59-scaled.jpg","contentUrl":"https:\/\/www.ofoutdoorkitchens.com\/wp-content\/uploads\/2023\/03\/l-outdoor-si-rinnova-le-principali-novita-della-stagione-per-il-design-59-scaled.jpg","width":1280,"height":855},{"@type":"BreadcrumbList","@id":"https:\/\/www.ofoutdoorkitchens.com\/es\/blog-3\/el-exterior-se-renueva-las-principales-novedades-de-la-temporada-para-el-diseno\/#breadcrumb","itemListElement":[{"@type":"ListItem","position":1,"name":"Home","item":"https:\/\/www.ofoutdoorkitchens.com\/es\/"},{"@type":"ListItem","position":2,"name":"El exterior se renueva: las principales novedades de la temporada para el dise\u00f1o"}]},{"@type":"WebSite","@id":"https:\/\/www.ofoutdoorkitchens.com\/es\/#website","url":"https:\/\/www.ofoutdoorkitchens.com\/es\/","name":"OF Outdoorkitchens","description":"","publisher":{"@id":"https:\/\/www.ofoutdoorkitchens.com\/es\/#organization"},"potentialAction":[{"@type":"SearchAction","target":{"@type":"EntryPoint","urlTemplate":"https:\/\/www.ofoutdoorkitchens.com\/es\/?s={search_term_string}"},"query-input":{"@type":"PropertyValueSpecification","valueRequired":true,"valueName":"search_term_string"}}],"inLanguage":"es"},{"@type":"Organization","@id":"https:\/\/www.ofoutdoorkitchens.com\/es\/#organization","name":"OF Outdoorkitchens","url":"https:\/\/www.ofoutdoorkitchens.com\/es\/","logo":{"@type":"ImageObject","inLanguage":"es","@id":"https:\/\/www.ofoutdoorkitchens.com\/es\/#\/schema\/logo\/image\/","url":"https:\/\/www.ofoutdoorkitchens.com\/wp-content\/uploads\/2023\/03\/logo-OF-2023-def150.png","contentUrl":"https:\/\/www.ofoutdoorkitchens.com\/wp-content\/uploads\/2023\/03\/logo-OF-2023-def150.png","width":150,"height":150,"caption":"OF Outdoorkitchens"},"image":{"@id":"https:\/\/www.ofoutdoorkitchens.com\/es\/#\/schema\/logo\/image\/"},"sameAs":["https:\/\/www.facebook.com\/ofoutdoorkitchens","https:\/\/www.instagram.com\/of.outdoorkitchens\/","https:\/\/www.linkedin.com\/company\/of-out-door-kitchens\/"]},{"@type":"Person","@id":"https:\/\/www.ofoutdoorkitchens.com\/es\/#\/schema\/person\/4649b133ad6cdd6d1b3a48f69d71db65","name":"ofoutdoorkitchens","image":{"@type":"ImageObject","inLanguage":"es","@id":"https:\/\/www.ofoutdoorkitchens.com\/es\/#\/schema\/person\/image\/","url":"https:\/\/secure.gravatar.com\/avatar\/311968ef8a3bdce04631314e788508e52cc1ee637a6ba77c75c4c41ebb11386f?s=96&d=mm&r=g","contentUrl":"https:\/\/secure.gravatar.com\/avatar\/311968ef8a3bdce04631314e788508e52cc1ee637a6ba77c75c4c41ebb11386f?s=96&d=mm&r=g","caption":"ofoutdoorkitchens"},"sameAs":["https:\/\/www.ofoutdoorkitchens.com"],"url":"https:\/\/www.ofoutdoorkitchens.com\/es\/author\/ofoutdoorkitchens\/"}]}},"_links":{"self":[{"href":"https:\/\/www.ofoutdoorkitchens.com\/es\/wp-json\/wp\/v2\/posts\/4533","targetHints":{"allow":["GET"]}}],"collection":[{"href":"https:\/\/www.ofoutdoorkitchens.com\/es\/wp-json\/wp\/v2\/posts"}],"about":[{"href":"https:\/\/www.ofoutdoorkitchens.com\/es\/wp-json\/wp\/v2\/types\/post"}],"author":[{"embeddable":true,"href":"https:\/\/www.ofoutdoorkitchens.com\/es\/wp-json\/wp\/v2\/users\/1"}],"replies":[{"embeddable":true,"href":"https:\/\/www.ofoutdoorkitchens.com\/es\/wp-json\/wp\/v2\/comments?post=4533"}],"version-history":[{"count":1,"href":"https:\/\/www.ofoutdoorkitchens.com\/es\/wp-json\/wp\/v2\/posts\/4533\/revisions"}],"predecessor-version":[{"id":4534,"href":"https:\/\/www.ofoutdoorkitchens.com\/es\/wp-json\/wp\/v2\/posts\/4533\/revisions\/4534"}],"wp:featuredmedia":[{"embeddable":true,"href":"https:\/\/www.ofoutdoorkitchens.com\/es\/wp-json\/wp\/v2\/media\/2762"}],"wp:attachment":[{"href":"https:\/\/www.ofoutdoorkitchens.com\/es\/wp-json\/wp\/v2\/media?parent=4533"}],"wp:term":[{"taxonomy":"category","embeddable":true,"href":"https:\/\/www.ofoutdoorkitchens.com\/es\/wp-json\/wp\/v2\/categories?post=4533"},{"taxonomy":"post_tag","embeddable":true,"href":"https:\/\/www.ofoutdoorkitchens.com\/es\/wp-json\/wp\/v2\/tags?post=4533"}],"curies":[{"name":"wp","href":"https:\/\/api.w.org\/{rel}","templated":true}]}}