{"id":4115,"date":"2021-10-02T11:01:19","date_gmt":"2021-10-02T09:01:19","guid":{"rendered":"https:\/\/www.ofoutdoorkitchens.com\/sin-categorizar\/cocinas-de-exterior-y-diseno-lo-que-nos-espera-este-otono-y-el-ano-que-viene\/"},"modified":"2024-11-22T11:57:45","modified_gmt":"2024-11-22T10:57:45","slug":"cocinas-de-exterior-y-diseno-lo-que-nos-espera-este-otono-y-el-ano-que-viene","status":"publish","type":"post","link":"https:\/\/www.ofoutdoorkitchens.com\/es\/blog-3\/cocinas-de-exterior-y-diseno-lo-que-nos-espera-este-otono-y-el-ano-que-viene\/","title":{"rendered":"Cocinas de exterior y dise\u00f1o: lo que nos espera este oto\u00f1o y el a\u00f1o que viene"},"content":{"rendered":"<p>El Sal\u00f3n del Mueble, feria del mueble y el dise\u00f1o que se celebra en Mil\u00e1n desde hace m\u00e1s de cincuenta a\u00f1os dictando las nuevas tendencias para la casa y los ambientes interiores y exteriores, ha llegado recientemente a su fin. <strong>Las ideas vistas en las cocinas, incluidas las de exterior, fueron notables e instructivos<\/strong> sobre que direcci\u00f3n tomar\u00e1n la decoraci\u00f3n y el dise\u00f1o de exteriores para estos espacios. En OF queremos estar siempre al d\u00eda sobre las nuevas tendencias, tanto en la est\u00e9tica como en la funcionalidad de nuestras cocinas de exterior. Aqu\u00ed est\u00e1n, pues, las aportaciones que llegan en este sentido a nivel internacional.<\/p>\n<h2><strong>Mezcla y combinaci\u00f3n de materiales<\/strong><\/h2>\n<p>Resiste el s\u00f3lido acero inoxidable, y esto es un hecho. La novedad, sin embargo, radica en combinar el acero con otros materiales para las cocinas de exterior. <strong>La mezcla de diferentes materiales en electrodom\u00e9sticos, fregaderos, grifos,<\/strong> accesorios de iluminaci\u00f3n y herrajes para armarios crea un dise\u00f1o m\u00e1s profundo y din\u00e1mico, que puede hacer de la cocina exterior un espacio a\u00fan m\u00e1s acogedor e interesante para estar.<\/p>\n<h2><strong>Electrodom\u00e9sticos que saben lo que hacen<\/strong><\/h2>\n<p>Una de las tendencias de las cocinas m\u00e1s populares que hemos visto durante este 2021en las etapas finales son los electrodom\u00e9sticos inteligentes. <strong>Entre ellos se encuentran los grifos sin contacto,<\/strong> es decir, los que ni siquiera se deben tocar para ser accionados, sino que funcionan mediante sensores especiales. El Covid-19, por cierto, ha alimentado el deseo de tecnolog\u00eda sin contacto: no es casualidad que la mayor\u00eda de los profesionales del dise\u00f1o afirmen que hay un mayor inter\u00e9s para las superficies f\u00e1ciles de limpiar. Adem\u00e1s del acero, el cobre y el lat\u00f3n crecen en popularidad, porque son antimicrobianos y s\u00faper higi\u00e9nicos. Otras dos tendencias principales son las neveras y los hornos inteligentes. En resumen, la tecnolog\u00eda ha impulsado el deseo de un mayor control de lo que hacemos y de los h\u00e1bitos de higiene, especialmente en la cocina.<\/p>\n<h2><strong>Azulejos y decoraci\u00f3n con alfombras y plantas<\/strong><\/h2>\n<p>Otro par de cosas de tendencia en el dise\u00f1o de la cocina (interior y exterior), no s\u00f3lo en lo inmediato, sino seg\u00fan las previsiones para los pr\u00f3ximos 5-10 a\u00f1os, incluyen:<\/p>\n<ul>\n<li><strong>Azulejos backsplash<\/strong> (el respaldo inmediatamente detr\u00e1s del fregadero, para entendernos) de cualquier tipo, que facilitan la limpieza;<\/li>\n<li><strong>Muebles coloridos y mixtos<\/strong>, pero con acabados mate;<\/li>\n<li><strong>Acentos de cobre, alfombras, muchas plantas<\/strong> en cocinas de exterior s\u00faper equipadas.<\/li>\n<\/ul>\n<h2><strong>Colores m\u00e1s c\u00e1lidos que en a\u00f1os anteriores <\/strong><\/h2>\n<p>Y llegamos a hablar de los colores para la cocina de exterior. En realidad, mucho depende del lugar donde se encuentra la cocina (jard\u00edn, terraza y patio no son lo mismo). Sin embargo, los colores en las cocinas de exterior se est\u00e1n calentando. Las paletas impredecibles est\u00e1n ganando popularidad, gracias en parte tambi\u00e9n a las \u201ccocinas angulosas\u201d. <strong>El verde est\u00e1 literalmente dominando las opciones de decoraci\u00f3n<\/strong>, como color preferido para los muebles de cocina, ya sea esmeralda, militar, oliva, salvia o menta. Las cocinas de exterior incorporan entonces algunos muebles de los espacios interiores, como armarios vintage, escurreplatos y obras de arte que s\u00f3lo podr\u00edan haber sido colgadas en un sal\u00f3n o comedor y que, en cambio, m\u00e1gicamente aparecen en el jard\u00edn o en el patio o en una pared en la terraza. Espacio tambi\u00e9n para la relajaci\u00f3n, gracias a c\u00f3modas sillas, una chimenea, un lugar donde los ni\u00f1os o los hu\u00e9spedes pueden quedarse, tal vez viendo la televisi\u00f3n, mientras se prepara la comida. En definitiva, se vuelve a la intimidad y al espacio compartido, con una sola protagonista (y eso nunca cambia): la cocina de exterior modular.<\/p>\n","protected":false},"excerpt":{"rendered":"<p>Cuando se decide crear una cocina de exterior en el propio espacio exterior disponible, una de las preguntas fundamentales que hay que hacerse es: &#8220;\u00bfD\u00f3nde ponerla?&#8221;<\/p>\n","protected":false},"author":1,"featured_media":2702,"comment_status":"closed","ping_status":"closed","sticky":false,"template":"","format":"standard","meta":{"om_disable_all_campaigns":false,"_uf_show_specific_survey":0,"_uf_disable_surveys":false,"footnotes":""},"categories":[97],"tags":[],"class_list":["post-4115","post","type-post","status-publish","format-standard","has-post-thumbnail","hentry","category-blog-3"],"yoast_head":"<!-- This site is optimized with the Yoast SEO plugin v23.4 - https:\/\/yoast.com\/wordpress\/plugins\/seo\/ -->\n<title>Cocinas de exterior y dise\u00f1o: lo que nos espera este oto\u00f1o y el a\u00f1o que viene - OF Outdoorkitchens<\/title>\n<meta name=\"robots\" content=\"index, follow, max-snippet:-1, max-image-preview:large, max-video-preview:-1\" \/>\n<link rel=\"canonical\" href=\"https:\/\/www.ofoutdoorkitchens.com\/es\/blog-3\/cocinas-de-exterior-y-diseno-lo-que-nos-espera-este-otono-y-el-ano-que-viene\/\" \/>\n<meta property=\"og:locale\" content=\"es_ES\" \/>\n<meta property=\"og:type\" content=\"article\" \/>\n<meta property=\"og:title\" content=\"Cocinas de exterior y dise\u00f1o: lo que nos espera este oto\u00f1o y el a\u00f1o que viene - OF Outdoorkitchens\" \/>\n<meta property=\"og:description\" content=\"Cuando se decide crear una cocina de exterior en el propio espacio exterior disponible, una de las preguntas fundamentales que hay que hacerse es: &quot;\u00bfD\u00f3nde ponerla?&quot;\" \/>\n<meta property=\"og:url\" content=\"https:\/\/www.ofoutdoorkitchens.com\/es\/blog-3\/cocinas-de-exterior-y-diseno-lo-que-nos-espera-este-otono-y-el-ano-que-viene\/\" \/>\n<meta property=\"og:site_name\" content=\"OF Outdoorkitchens\" \/>\n<meta property=\"article:publisher\" content=\"https:\/\/www.facebook.com\/ofoutdoorkitchens\" \/>\n<meta property=\"article:published_time\" content=\"2021-10-02T09:01:19+00:00\" \/>\n<meta property=\"article:modified_time\" content=\"2024-11-22T10:57:45+00:00\" \/>\n<meta property=\"og:image\" content=\"https:\/\/www.ofoutdoorkitchens.com\/wp-content\/uploads\/2023\/03\/cucine-outdoor-e-design-cosa-ci-aspettera-per-l-imminente-autunno-e-il-prossimo-anno-28.jpg\" \/>\n\t<meta property=\"og:image:width\" content=\"960\" \/>\n\t<meta property=\"og:image:height\" content=\"641\" \/>\n\t<meta property=\"og:image:type\" content=\"image\/jpeg\" \/>\n<meta name=\"author\" content=\"ofoutdoorkitchens\" \/>\n<meta name=\"twitter:card\" content=\"summary_large_image\" \/>\n<meta name=\"twitter:label1\" content=\"Escrito por\" \/>\n\t<meta name=\"twitter:data1\" content=\"ofoutdoorkitchens\" \/>\n\t<meta name=\"twitter:label2\" content=\"Tiempo de lectura\" \/>\n\t<meta name=\"twitter:data2\" content=\"3 minutos\" \/>\n<!-- \/ Yoast SEO plugin. -->","yoast_head_json":{"title":"Cocinas de exterior y dise\u00f1o: lo que nos espera este oto\u00f1o y el a\u00f1o que viene - OF Outdoorkitchens","robots":{"index":"index","follow":"follow","max-snippet":"max-snippet:-1","max-image-preview":"max-image-preview:large","max-video-preview":"max-video-preview:-1"},"canonical":"https:\/\/www.ofoutdoorkitchens.com\/es\/blog-3\/cocinas-de-exterior-y-diseno-lo-que-nos-espera-este-otono-y-el-ano-que-viene\/","og_locale":"es_ES","og_type":"article","og_title":"Cocinas de exterior y dise\u00f1o: lo que nos espera este oto\u00f1o y el a\u00f1o que viene - OF Outdoorkitchens","og_description":"Cuando se decide crear una cocina de exterior en el propio espacio exterior disponible, una de las preguntas fundamentales que hay que hacerse es: \"\u00bfD\u00f3nde ponerla?\"","og_url":"https:\/\/www.ofoutdoorkitchens.com\/es\/blog-3\/cocinas-de-exterior-y-diseno-lo-que-nos-espera-este-otono-y-el-ano-que-viene\/","og_site_name":"OF Outdoorkitchens","article_publisher":"https:\/\/www.facebook.com\/ofoutdoorkitchens","article_published_time":"2021-10-02T09:01:19+00:00","article_modified_time":"2024-11-22T10:57:45+00:00","og_image":[{"width":960,"height":641,"url":"https:\/\/www.ofoutdoorkitchens.com\/wp-content\/uploads\/2023\/03\/cucine-outdoor-e-design-cosa-ci-aspettera-per-l-imminente-autunno-e-il-prossimo-anno-28.jpg","type":"image\/jpeg"}],"author":"ofoutdoorkitchens","twitter_card":"summary_large_image","twitter_misc":{"Escrito por":"ofoutdoorkitchens","Tiempo de lectura":"3 minutos"},"schema":{"@context":"https:\/\/schema.org","@graph":[{"@type":"Article","@id":"https:\/\/www.ofoutdoorkitchens.com\/es\/blog-3\/cocinas-de-exterior-y-diseno-lo-que-nos-espera-este-otono-y-el-ano-que-viene\/#article","isPartOf":{"@id":"https:\/\/www.ofoutdoorkitchens.com\/es\/blog-3\/cocinas-de-exterior-y-diseno-lo-que-nos-espera-este-otono-y-el-ano-que-viene\/"},"author":{"name":"ofoutdoorkitchens","@id":"https:\/\/www.ofoutdoorkitchens.com\/es\/#\/schema\/person\/4649b133ad6cdd6d1b3a48f69d71db65"},"headline":"Cocinas de exterior y dise\u00f1o: lo que nos espera este oto\u00f1o y el a\u00f1o que viene","datePublished":"2021-10-02T09:01:19+00:00","dateModified":"2024-11-22T10:57:45+00:00","mainEntityOfPage":{"@id":"https:\/\/www.ofoutdoorkitchens.com\/es\/blog-3\/cocinas-de-exterior-y-diseno-lo-que-nos-espera-este-otono-y-el-ano-que-viene\/"},"wordCount":669,"publisher":{"@id":"https:\/\/www.ofoutdoorkitchens.com\/es\/#organization"},"image":{"@id":"https:\/\/www.ofoutdoorkitchens.com\/es\/blog-3\/cocinas-de-exterior-y-diseno-lo-que-nos-espera-este-otono-y-el-ano-que-viene\/#primaryimage"},"thumbnailUrl":"https:\/\/www.ofoutdoorkitchens.com\/wp-content\/uploads\/2023\/03\/cucine-outdoor-e-design-cosa-ci-aspettera-per-l-imminente-autunno-e-il-prossimo-anno-28.jpg","articleSection":["BLOG"],"inLanguage":"es"},{"@type":"WebPage","@id":"https:\/\/www.ofoutdoorkitchens.com\/es\/blog-3\/cocinas-de-exterior-y-diseno-lo-que-nos-espera-este-otono-y-el-ano-que-viene\/","url":"https:\/\/www.ofoutdoorkitchens.com\/es\/blog-3\/cocinas-de-exterior-y-diseno-lo-que-nos-espera-este-otono-y-el-ano-que-viene\/","name":"Cocinas de exterior y dise\u00f1o: lo que nos espera este oto\u00f1o y el a\u00f1o que viene - OF Outdoorkitchens","isPartOf":{"@id":"https:\/\/www.ofoutdoorkitchens.com\/es\/#website"},"primaryImageOfPage":{"@id":"https:\/\/www.ofoutdoorkitchens.com\/es\/blog-3\/cocinas-de-exterior-y-diseno-lo-que-nos-espera-este-otono-y-el-ano-que-viene\/#primaryimage"},"image":{"@id":"https:\/\/www.ofoutdoorkitchens.com\/es\/blog-3\/cocinas-de-exterior-y-diseno-lo-que-nos-espera-este-otono-y-el-ano-que-viene\/#primaryimage"},"thumbnailUrl":"https:\/\/www.ofoutdoorkitchens.com\/wp-content\/uploads\/2023\/03\/cucine-outdoor-e-design-cosa-ci-aspettera-per-l-imminente-autunno-e-il-prossimo-anno-28.jpg","datePublished":"2021-10-02T09:01:19+00:00","dateModified":"2024-11-22T10:57:45+00:00","breadcrumb":{"@id":"https:\/\/www.ofoutdoorkitchens.com\/es\/blog-3\/cocinas-de-exterior-y-diseno-lo-que-nos-espera-este-otono-y-el-ano-que-viene\/#breadcrumb"},"inLanguage":"es","potentialAction":[{"@type":"ReadAction","target":["https:\/\/www.ofoutdoorkitchens.com\/es\/blog-3\/cocinas-de-exterior-y-diseno-lo-que-nos-espera-este-otono-y-el-ano-que-viene\/"]}]},{"@type":"ImageObject","inLanguage":"es","@id":"https:\/\/www.ofoutdoorkitchens.com\/es\/blog-3\/cocinas-de-exterior-y-diseno-lo-que-nos-espera-este-otono-y-el-ano-que-viene\/#primaryimage","url":"https:\/\/www.ofoutdoorkitchens.com\/wp-content\/uploads\/2023\/03\/cucine-outdoor-e-design-cosa-ci-aspettera-per-l-imminente-autunno-e-il-prossimo-anno-28.jpg","contentUrl":"https:\/\/www.ofoutdoorkitchens.com\/wp-content\/uploads\/2023\/03\/cucine-outdoor-e-design-cosa-ci-aspettera-per-l-imminente-autunno-e-il-prossimo-anno-28.jpg","width":960,"height":641},{"@type":"BreadcrumbList","@id":"https:\/\/www.ofoutdoorkitchens.com\/es\/blog-3\/cocinas-de-exterior-y-diseno-lo-que-nos-espera-este-otono-y-el-ano-que-viene\/#breadcrumb","itemListElement":[{"@type":"ListItem","position":1,"name":"Home","item":"https:\/\/www.ofoutdoorkitchens.com\/es\/"},{"@type":"ListItem","position":2,"name":"Cocinas de exterior y dise\u00f1o: lo que nos espera este oto\u00f1o y el a\u00f1o que viene"}]},{"@type":"WebSite","@id":"https:\/\/www.ofoutdoorkitchens.com\/es\/#website","url":"https:\/\/www.ofoutdoorkitchens.com\/es\/","name":"OF Outdoorkitchens","description":"","publisher":{"@id":"https:\/\/www.ofoutdoorkitchens.com\/es\/#organization"},"potentialAction":[{"@type":"SearchAction","target":{"@type":"EntryPoint","urlTemplate":"https:\/\/www.ofoutdoorkitchens.com\/es\/?s={search_term_string}"},"query-input":{"@type":"PropertyValueSpecification","valueRequired":true,"valueName":"search_term_string"}}],"inLanguage":"es"},{"@type":"Organization","@id":"https:\/\/www.ofoutdoorkitchens.com\/es\/#organization","name":"OF Outdoorkitchens","url":"https:\/\/www.ofoutdoorkitchens.com\/es\/","logo":{"@type":"ImageObject","inLanguage":"es","@id":"https:\/\/www.ofoutdoorkitchens.com\/es\/#\/schema\/logo\/image\/","url":"https:\/\/www.ofoutdoorkitchens.com\/wp-content\/uploads\/2023\/03\/logo-OF-2023-def150.png","contentUrl":"https:\/\/www.ofoutdoorkitchens.com\/wp-content\/uploads\/2023\/03\/logo-OF-2023-def150.png","width":150,"height":150,"caption":"OF Outdoorkitchens"},"image":{"@id":"https:\/\/www.ofoutdoorkitchens.com\/es\/#\/schema\/logo\/image\/"},"sameAs":["https:\/\/www.facebook.com\/ofoutdoorkitchens","https:\/\/www.instagram.com\/of.outdoorkitchens\/","https:\/\/www.linkedin.com\/company\/of-out-door-kitchens\/"]},{"@type":"Person","@id":"https:\/\/www.ofoutdoorkitchens.com\/es\/#\/schema\/person\/4649b133ad6cdd6d1b3a48f69d71db65","name":"ofoutdoorkitchens","image":{"@type":"ImageObject","inLanguage":"es","@id":"https:\/\/www.ofoutdoorkitchens.com\/es\/#\/schema\/person\/image\/","url":"https:\/\/secure.gravatar.com\/avatar\/311968ef8a3bdce04631314e788508e52cc1ee637a6ba77c75c4c41ebb11386f?s=96&d=mm&r=g","contentUrl":"https:\/\/secure.gravatar.com\/avatar\/311968ef8a3bdce04631314e788508e52cc1ee637a6ba77c75c4c41ebb11386f?s=96&d=mm&r=g","caption":"ofoutdoorkitchens"},"sameAs":["https:\/\/www.ofoutdoorkitchens.com"],"url":"https:\/\/www.ofoutdoorkitchens.com\/es\/author\/ofoutdoorkitchens\/"}]}},"_links":{"self":[{"href":"https:\/\/www.ofoutdoorkitchens.com\/es\/wp-json\/wp\/v2\/posts\/4115","targetHints":{"allow":["GET"]}}],"collection":[{"href":"https:\/\/www.ofoutdoorkitchens.com\/es\/wp-json\/wp\/v2\/posts"}],"about":[{"href":"https:\/\/www.ofoutdoorkitchens.com\/es\/wp-json\/wp\/v2\/types\/post"}],"author":[{"embeddable":true,"href":"https:\/\/www.ofoutdoorkitchens.com\/es\/wp-json\/wp\/v2\/users\/1"}],"replies":[{"embeddable":true,"href":"https:\/\/www.ofoutdoorkitchens.com\/es\/wp-json\/wp\/v2\/comments?post=4115"}],"version-history":[{"count":1,"href":"https:\/\/www.ofoutdoorkitchens.com\/es\/wp-json\/wp\/v2\/posts\/4115\/revisions"}],"predecessor-version":[{"id":4116,"href":"https:\/\/www.ofoutdoorkitchens.com\/es\/wp-json\/wp\/v2\/posts\/4115\/revisions\/4116"}],"wp:featuredmedia":[{"embeddable":true,"href":"https:\/\/www.ofoutdoorkitchens.com\/es\/wp-json\/wp\/v2\/media\/2702"}],"wp:attachment":[{"href":"https:\/\/www.ofoutdoorkitchens.com\/es\/wp-json\/wp\/v2\/media?parent=4115"}],"wp:term":[{"taxonomy":"category","embeddable":true,"href":"https:\/\/www.ofoutdoorkitchens.com\/es\/wp-json\/wp\/v2\/categories?post=4115"},{"taxonomy":"post_tag","embeddable":true,"href":"https:\/\/www.ofoutdoorkitchens.com\/es\/wp-json\/wp\/v2\/tags?post=4115"}],"curies":[{"name":"wp","href":"https:\/\/api.w.org\/{rel}","templated":true}]}}